{"id":3272,"date":"2012-10-06T21:09:55","date_gmt":"2012-10-06T21:09:55","guid":{"rendered":"http:\/\/www.rincondelbulla.cl\/portal\/?p=3272"},"modified":"2012-10-06T21:09:55","modified_gmt":"2012-10-06T21:09:55","slug":"la-previa-el-leon-busca-volver-a-rugir-frente-a-los-pumas","status":"publish","type":"post","link":"http:\/\/www.rincondelbulla.cl\/portal\/2012\/10\/06\/la-previa-el-leon-busca-volver-a-rugir-frente-a-los-pumas\/","title":{"rendered":"La Previa: El Le\u00f3n busca volver a rugir frente a los Pumas"},"content":{"rendered":"<figure id=\"attachment_4882\" aria-describedby=\"caption-attachment-4882\" style=\"width: 700px\" class=\"wp-caption alignnone\"><img loading=\"lazy\" decoding=\"async\" class=\" size-full wp-image-4882\" src=\"http:\/\/www.rincondelbulla.cl\/portal\/wp-content\/uploads\/2012\/10\/83ece112ec70792cd12dae2d991597dc.jpg\" alt=\"Foto: Patricio Gonz\u00e1lez\" class=\"caption\" title=\"El Le\u00f3n busca volver a rugir frente a los Pumas\" width=\"700\" height=\"396\" srcset=\"http:\/\/www.rincondelbulla.cl\/portal\/wp-content\/uploads\/2012\/10\/83ece112ec70792cd12dae2d991597dc.jpg 700w, http:\/\/www.rincondelbulla.cl\/portal\/wp-content\/uploads\/2012\/10\/83ece112ec70792cd12dae2d991597dc-300x170.jpg 300w, http:\/\/www.rincondelbulla.cl\/portal\/wp-content\/uploads\/2012\/10\/83ece112ec70792cd12dae2d991597dc-696x394.jpg 696w\" sizes=\"auto, (max-width: 700px) 100vw, 700px\" \/><figcaption id=\"caption-attachment-4882\" class=\"wp-caption-text\">El Le\u00f3n busca volver a rugir frente a los Pumas<\/figcaption><\/figure>\n<p><strong>Tras el amargo empate de local ante Emelec por la Copa Sudamericana y los problemas con la selecci\u00f3n producto de, a la U solo le queda ganar este fin de semana, cuando ma\u00f1ana enfrente a Antofagasta por la decimotercera fecha del Clausura, a partir de las 15:00 Bicentenario Luis Valenzuela de Copiap\u00f3.<\/strong> <!--more--> Hace rato que los azules buscan curar heridas. Si bien ser\u00eda una exageraci\u00f3n hablar de crisis, est\u00e1 a la vista que la U no est\u00e1 en su mejor momento, ni mucho menos logra hacer el juego al que nos ten\u00eda acostumbrados. Pero como se sabe, este equipo no sabe de imposibles y cuando est\u00e1 herido, el Le\u00f3n ruge m\u00e1s fuerte.<\/p>\n<p>Luego de tres igualdades consecutivas, Universidad de Chile, que est\u00e1 quinto moment\u00e1neamente con 23 unidades, quiere volver al triunfo este domingo cuando se mida con Antofagasta por la jornada 13 del Clausura, a partir de las 15:00 en Copiap\u00f3 con el arbitraje de Roberto Tobar.<\/p>\n<p>Uno de los temas que marc\u00f3 la semana, adem\u00e1s del amargo empate con Emelec como local, fue un nuevo conflicto con la selecci\u00f3n, &nbsp;Luego de que algunos medios hoy publicaran que Jorge Sampaoli habr\u00eda hecho jugar a Charles Ar\u00e1nguiz y Jos\u00e9 Rojas con problemas f\u00edsicos ante Emelec, con lo cual quedaron fuera de la &#8216;Roja&#8217; para los duelos frente a Ecuador y Argentina. As\u00ed, la dirigencia de Universidad de Chile emiti\u00f3 un comunicado p\u00fablico explicando ambos jugadores ante los rumores de no cuidarlos debidamente y as\u00ed perjudicar a la &#8216;Roja&#8217;.<\/p>\n<p>El t\u00e9cnico de la U, desestim\u00f3 este tipo de interpretaciones: \u00abMe parece rid\u00edculo pensar que yo hago algo para hacerle mal a la Selecci\u00f3n. Esto ni siquiera tendr\u00eda que responderlo. Nosotros pensamos en la &#8216;U&#8217; y no vamos a querer lesionar a un jugador\u00bb, sentenci\u00f3 el estratega, aclarando que Ar\u00e1nguiz actu\u00f3 ante Santos y Emelec porque estaba en condiciones de hacerlo.<\/p>\n<p>\u00abYo no arriesgo a nadie, pruebo al jugador antes de cada partido y si tengo alguna inseguridad, no juega\u00bb, apunt\u00f3 Sampaoli, que en todo reconoci\u00f3 que convers\u00f3 con el volante y pese a las molestias, en com\u00fan acuerdo con el futbolista, decidieron que actuara, b\u00e1sicamente porque \u00abAr\u00e1nguiz es un estandarte de este equipo\u00bb.<\/p>\n<p>Las lesiones han sido habituales en esta etapa de los azules, algo que el DT atribuy\u00f3 \u00aba los 19 meses sin para. Los estamos sintiendo ahora. Estamos con Civelli, que su lesi\u00f3n empeor\u00f3, lo de Waldo (Ponce), que su lesi\u00f3n recrudeci\u00f3, y lo de Rojas, que no llega para Antofagasta\u00bb. El capit\u00e1n de la &#8216;U&#8217; sufre una pubalgia y no viajar\u00e1 con el plantel. Tambi\u00e9n est\u00e1 en duda Roberto Cereceda, que tiene una tendinitis rotuliana.<\/p>\n<p>En cuanto a lo deportivo, el argentino, que desminti\u00f3 tener un contrato firmado con Cruzeiro, reconoce que es el momento m\u00e1s dif\u00edcil desde que est\u00e1 con su cuerpo t\u00e9cnico y pretende revertirlo. El estratego cree que \u00abel diagn\u00f3stico exacto de porqu\u00e9 estamos jugando as\u00ed no lo tengo. Por m\u00e1s que uno pueda excusarse con las lesiones, la realidad es que el equipo no funciona y eso es responsabilidad m\u00eda. Ante Emelec por ejemplo, jugamos muy mal. De esa manera, tenemos muy pocas posibilidades\u00bb, coment\u00f3 el entrenador, que adem\u00e1s le dej\u00f3 la puerta abierta al retorno de Gustavo Canales.<\/p>\n<p><strong>LOS PUMAS BUSCAN MANTENERSE EN ZONA DE PLAYOFSS<\/strong><\/p>\n<p>Antofagasta marcha en la octava posici\u00f3n con 16 puntos. Uno de los que se refiri\u00f3 al duelo contra el equipo de Jorge Sampaoli fue el delantero venezolano Daniel Arismendi. Para el ariete, \u00abse viene un rival bastante dif\u00edcil, para ganarles debemos estar concentrados y encontrar sus debilidades para atacarlos por donde m\u00e1s les duela. Tambi\u00e9n tenemos que aprovechar su momento irregular\u00bb, se\u00f1al\u00f3 a El Mercurio de Antofagasta.<\/p>\n<p>Sobre cu\u00e1l ser\u00e1 la clave para vencer al tricampe\u00f3n del f\u00fatbol nacional, Arismendi apunt\u00f3 que \u00abante la &#8216;U&#8217; debemos tener eficacia. Adem\u00e1s, tendremos que estar atentos en el ataque y en la recuperaci\u00f3n del bal\u00f3n. S\u00f3lo as\u00ed podremos presionarlos para quitarles la pelota y que el equipo nuestro maneje el bal\u00f3n\u00bb.<\/p>\n<p>Gustavo Huerta no contar\u00e1 con los suspendidos Carlos Escudero y Jos\u00e9 Portillo. La posible formaci\u00f3n de los &#8216;Pumas&#8217; es con Sebasti\u00e1n L\u00f3pez; Francisco Sep\u00falveda, Baltazar Astorga, Juan Luis Gonz\u00e1lez, Patricio J\u00e9rez; Fernando Martel, Claudio Rivero, Patricio Rubina, Eric Pino; Daniel Arismendi y Javier Elizondo.<\/p>\n","protected":false},"excerpt":{"rendered":"<p>Tras el amargo empate de local ante Emelec por la Copa Sudamericana y los problemas con la selecci\u00f3n producto de, a la U solo le queda ganar este fin de semana, cuando ma\u00f1ana enfrente a Antofagasta por la decimotercera fecha del Clausura, a partir de las 15:00 Bicentenario Luis Valenzuela de Copiap\u00f3.<\/p>\n","protected":false},"author":64,"featured_media":4882,"comment_status":"open","ping_status":"open","sticky":false,"template":"","format":"standard","meta":{"footnotes":""},"categories":[18],"tags":[454,112,37],"class_list":{"0":"post-3272","1":"post","2":"type-post","3":"status-publish","4":"format-standard","5":"has-post-thumbnail","7":"category-actualidad","8":"tag-actualidad","9":"tag-clausura-2012","10":"tag-la-previa"},"_links":{"self":[{"href":"http:\/\/www.rincondelbulla.cl\/portal\/wp-json\/wp\/v2\/posts\/3272","targetHints":{"allow":["GET"]}}],"collection":[{"href":"http:\/\/www.rincondelbulla.cl\/portal\/wp-json\/wp\/v2\/posts"}],"about":[{"href":"http:\/\/www.rincondelbulla.cl\/portal\/wp-json\/wp\/v2\/types\/post"}],"author":[{"embeddable":true,"href":"http:\/\/www.rincondelbulla.cl\/portal\/wp-json\/wp\/v2\/users\/64"}],"replies":[{"embeddable":true,"href":"http:\/\/www.rincondelbulla.cl\/portal\/wp-json\/wp\/v2\/comments?post=3272"}],"version-history":[{"count":0,"href":"http:\/\/www.rincondelbulla.cl\/portal\/wp-json\/wp\/v2\/posts\/3272\/revisions"}],"wp:featuredmedia":[{"embeddable":true,"href":"http:\/\/www.rincondelbulla.cl\/portal\/wp-json\/wp\/v2\/media\/4882"}],"wp:attachment":[{"href":"http:\/\/www.rincondelbulla.cl\/portal\/wp-json\/wp\/v2\/media?parent=3272"}],"wp:term":[{"taxonomy":"category","embeddable":true,"href":"http:\/\/www.rincondelbulla.cl\/portal\/wp-json\/wp\/v2\/categories?post=3272"},{"taxonomy":"post_tag","embeddable":true,"href":"http:\/\/www.rincondelbulla.cl\/portal\/wp-json\/wp\/v2\/tags?post=3272"}],"curies":[{"name":"wp","href":"https:\/\/api.w.org\/{rel}","templated":true}]}}