{"id":3277,"date":"2012-10-08T11:48:54","date_gmt":"2012-10-08T11:48:54","guid":{"rendered":"http:\/\/www.rincondelbulla.cl\/portal\/?p=3277"},"modified":"2012-10-08T11:48:54","modified_gmt":"2012-10-08T11:48:54","slug":"programacion-no-hay-descanso-en-fechas-eliminatorias-para-el-leon","status":"publish","type":"post","link":"http:\/\/www.rincondelbulla.cl\/portal\/2012\/10\/08\/programacion-no-hay-descanso-en-fechas-eliminatorias-para-el-leon\/","title":{"rendered":"Programaci\u00f3n: No hay descanso en fechas eliminatorias para el Le\u00f3n"},"content":{"rendered":"<figure id=\"attachment_4887\" aria-describedby=\"caption-attachment-4887\" style=\"width: 700px\" class=\"wp-caption alignnone\"><img loading=\"lazy\" decoding=\"async\" class=\" size-full wp-image-4887\" src=\"http:\/\/www.rincondelbulla.cl\/portal\/wp-content\/uploads\/2012\/10\/7f10867ef89addd3e31fdefbd0e6e35d.jpg\" alt=\"Foto: Patricio Gonz\u00e1lez\" class=\"caption\" title=\"Revisa los detalles de la programaci\u00f3n semanal de la \u201cU\u201d\" width=\"700\" height=\"396\" srcset=\"http:\/\/www.rincondelbulla.cl\/portal\/wp-content\/uploads\/2012\/10\/7f10867ef89addd3e31fdefbd0e6e35d.jpg 700w, http:\/\/www.rincondelbulla.cl\/portal\/wp-content\/uploads\/2012\/10\/7f10867ef89addd3e31fdefbd0e6e35d-300x170.jpg 300w, http:\/\/www.rincondelbulla.cl\/portal\/wp-content\/uploads\/2012\/10\/7f10867ef89addd3e31fdefbd0e6e35d-696x394.jpg 696w\" sizes=\"auto, (max-width: 700px) 100vw, 700px\" \/><figcaption id=\"caption-attachment-4887\" class=\"wp-caption-text\">Revisa los detalles de la programaci\u00f3n semanal de la \u201cU\u201d<\/figcaption><\/figure>\n<p><strong>Por ser una doble fecha de eliminatorias esta semana la Universidad de Chile solamente disputar\u00e1 sus partidos ante La Calera y Santiago Wanderers en el marco de Copa Chile. Cuando se retome el torneo de clausura el cuadro estudiantil se medir\u00e1 en el cl\u00e1sico del f\u00fatbol chileno ante Colo Colo en el estadio monumental. Revisa los detalles de la programaci\u00f3n semanal de la \u201cU\u201d, por <em>Rinc\u00f3n del Bulla<\/em>. <!--more--> Escrito por:<\/strong> Felipe Inostroza<\/p>\n<p><strong>DOBLE FECHA POR COPA CHILE: En busca del primer triunfo<\/strong><\/p>\n<p>Aprovechando el envi\u00f3n an\u00edmico que signific\u00f3 la victoria por 4-2 ante el cuadro antofagastino el pasado domingo, el equipo laico sale en b\u00fasqueda de los primeros 3 puntos para poder escapar del tercer lugar del grupo 6 de la Copa Chile.<\/p>\n<p>Este mi\u00e9rcoles 10 a las 20 horas, el Rom\u00e1ntico Viajero salta a la cancha del estadio Santa Laura para enfrentar a Uni\u00f3n La Calera. Y el s\u00e1bado 13 en Valpara\u00edso, la \u201cU\u201d vuelve a visitar a Santiago Wanderers. El partido se encuentra programado para las 16 horas en el estadio Playa Ancha.<\/p>\n<p>En el primer partido disputado ante los cementeros por la copa, la \u201cU\u201d consigui\u00f3 un deslucido empate a cero. En el que destac\u00f3 la baja calidad en la definici\u00f3n, en especial desde los doce pasos, donde ambos equipos erraron penales.<\/p>\n<p>El duelo disputado ante Wanderers en el Nacional estuvo marcado por un equipo azul bastante joven y la suspensi\u00f3n del encuentro por 10 minutos, tras la explosi\u00f3n de bombas de estruendo. El 2-2 fue obra de Fabi\u00e1n Carmona y Sebasti\u00e1n Leyton para los azules.<\/p>\n<p>Las entradas para el encuentro ante La Calera est\u00e1n a la venta por el sistema on line de Punto Ticket, y tendr\u00e1n la modalidad de 2&#215;1. Para el partido ante Santiago Wanderers a\u00fan no existe informaci\u00f3n de precios y puntos de venta.<\/p>\n<p>Transmite CDF Premium (Ambos encuentros)<\/p>\n","protected":false},"excerpt":{"rendered":"<p>Por ser una doble fecha de eliminatorias esta semana la Universidad de Chile solamente disputar\u00e1 sus partidos ante La Calera y Santiago Wanderers en el marco de Copa Chile. Cuando se retome el torneo de clausura el cuadro estudiantil se medir\u00e1 en el cl\u00e1sico del f\u00fatbol chileno ante Colo Colo en el estadio monumental. Revisa [&#8230;]<\/p>\n","protected":false},"author":1,"featured_media":4887,"comment_status":"open","ping_status":"open","sticky":false,"template":"","format":"standard","meta":{"footnotes":""},"categories":[18],"tags":[454,144,59],"class_list":{"0":"post-3277","1":"post","2":"type-post","3":"status-publish","4":"format-standard","5":"has-post-thumbnail","7":"category-actualidad","8":"tag-actualidad","9":"tag-copa-chile-2012","10":"tag-programacion"},"_links":{"self":[{"href":"http:\/\/www.rincondelbulla.cl\/portal\/wp-json\/wp\/v2\/posts\/3277","targetHints":{"allow":["GET"]}}],"collection":[{"href":"http:\/\/www.rincondelbulla.cl\/portal\/wp-json\/wp\/v2\/posts"}],"about":[{"href":"http:\/\/www.rincondelbulla.cl\/portal\/wp-json\/wp\/v2\/types\/post"}],"author":[{"embeddable":true,"href":"http:\/\/www.rincondelbulla.cl\/portal\/wp-json\/wp\/v2\/users\/1"}],"replies":[{"embeddable":true,"href":"http:\/\/www.rincondelbulla.cl\/portal\/wp-json\/wp\/v2\/comments?post=3277"}],"version-history":[{"count":0,"href":"http:\/\/www.rincondelbulla.cl\/portal\/wp-json\/wp\/v2\/posts\/3277\/revisions"}],"wp:featuredmedia":[{"embeddable":true,"href":"http:\/\/www.rincondelbulla.cl\/portal\/wp-json\/wp\/v2\/media\/4887"}],"wp:attachment":[{"href":"http:\/\/www.rincondelbulla.cl\/portal\/wp-json\/wp\/v2\/media?parent=3277"}],"wp:term":[{"taxonomy":"category","embeddable":true,"href":"http:\/\/www.rincondelbulla.cl\/portal\/wp-json\/wp\/v2\/categories?post=3277"},{"taxonomy":"post_tag","embeddable":true,"href":"http:\/\/www.rincondelbulla.cl\/portal\/wp-json\/wp\/v2\/tags?post=3277"}],"curies":[{"name":"wp","href":"https:\/\/api.w.org\/{rel}","templated":true}]}}