{"id":3278,"date":"2012-10-11T02:00:36","date_gmt":"2012-10-11T02:00:36","guid":{"rendered":"http:\/\/www.rincondelbulla.cl\/portal\/?p=3278"},"modified":"2012-10-11T02:00:36","modified_gmt":"2012-10-11T02:00:36","slug":"la-u-se-vuelve-a-llenar-de-dudas","status":"publish","type":"post","link":"http:\/\/www.rincondelbulla.cl\/portal\/2012\/10\/11\/la-u-se-vuelve-a-llenar-de-dudas\/","title":{"rendered":"La &#8216;U&#8217; se vuelve a llenar de dudas"},"content":{"rendered":"<figure id=\"attachment_4888\" aria-describedby=\"caption-attachment-4888\" style=\"width: 700px\" class=\"wp-caption alignnone\"><img loading=\"lazy\" decoding=\"async\" class=\" size-full wp-image-4888\" src=\"http:\/\/www.rincondelbulla.cl\/portal\/wp-content\/uploads\/2012\/10\/44d4fff31fe71cd6ea88f063bab937ad.jpg\" alt=\"Foto: Claudio C\u00e1ceres\" class=\"caption\" title=\"La U cay\u00f3 ante Uni\u00f3n La Calera\" width=\"700\" height=\"396\" srcset=\"http:\/\/www.rincondelbulla.cl\/portal\/wp-content\/uploads\/2012\/10\/44d4fff31fe71cd6ea88f063bab937ad.jpg 700w, http:\/\/www.rincondelbulla.cl\/portal\/wp-content\/uploads\/2012\/10\/44d4fff31fe71cd6ea88f063bab937ad-300x170.jpg 300w, http:\/\/www.rincondelbulla.cl\/portal\/wp-content\/uploads\/2012\/10\/44d4fff31fe71cd6ea88f063bab937ad-696x394.jpg 696w\" sizes=\"auto, (max-width: 700px) 100vw, 700px\" \/><figcaption id=\"caption-attachment-4888\" class=\"wp-caption-text\">La U cay\u00f3 ante Uni\u00f3n La Calera<\/figcaption><\/figure>\n<p><b><span>En un deslucido encuentro que comenz\u00f3 ganando, Universidad de Chile cay\u00f3 ante Uni\u00f3n Calera por Copa Chile y complica sus opciones en el torneo. <!--more--> <\/span><\/b><span>Tras un comienzo&nbsp; prometedor con el gol del Juvenil Duma a los 4 minutos la U comenzaba con el pie derecho su encuentro por&nbsp; Copa Chile frente a Uni\u00f3n Calera en el Estadio Santa Laura, sin embargo con el transcurso del partido todo cambi\u00f3 y la defensa de Universidad de Chile se vio sobrepasado por el ataque calerano.<\/span><\/p>\n<p><span>Dos gruesos errores en la zaga azul permitieron al equipo que dirige Ra\u00fal Toro dar vuelta el cotejo e irse con la ventaja de 2 goles a 1 al descanso, dos estocadas una a los 37 minutos y la otra en los descuentos del primer tiempo, hicieron ver a la U llena de dudas.<\/span><\/p>\n<p><span>En la segunda parte no fue muy diferente y pese a que Universidad de Chile manej\u00f3 el bal\u00f3n no tuvo la claridad suficiente para convertir. Uni\u00f3n Calera se qued\u00f3 con 10 jugadores tras la expulsi\u00f3n de Ferreira, sin embargo el cuadro azul no aprovech\u00f3 la superioridad num\u00e9rica y termin\u00f3 perdiendo el encuentro.<\/span><\/p>\n<p><span>Tras esta derrota las opciones de Universidad de Chile en este torneo (Copa Chile)&nbsp; no son muy favorables, ya que con tres empates y una derrota la U s\u00f3lo suma 3 unidades.<\/span><\/p>\n<p><span>El pr\u00f3ximo desaf\u00edo del elenco azul por Copa Chile est\u00e1 programado para este s\u00e1bado 13 de octubre en Valpara\u00edso frente a Santiago Wanderers, el partido est\u00e1 programado a las 16 horas en el Estadio Playa Ancha Chile Deportes.<\/span><\/p>\n","protected":false},"excerpt":{"rendered":"<p>En un deslucido encuentro que comenz\u00f3 ganando, Universidad de Chile cay\u00f3 ante Uni\u00f3n Calera por Copa Chile y complica sus opciones en el torneo.<\/p>\n","protected":false},"author":56,"featured_media":4888,"comment_status":"open","ping_status":"open","sticky":false,"template":"","format":"standard","meta":{"footnotes":""},"categories":[18],"tags":[454,144],"class_list":{"0":"post-3278","1":"post","2":"type-post","3":"status-publish","4":"format-standard","5":"has-post-thumbnail","7":"category-actualidad","8":"tag-actualidad","9":"tag-copa-chile-2012"},"_links":{"self":[{"href":"http:\/\/www.rincondelbulla.cl\/portal\/wp-json\/wp\/v2\/posts\/3278","targetHints":{"allow":["GET"]}}],"collection":[{"href":"http:\/\/www.rincondelbulla.cl\/portal\/wp-json\/wp\/v2\/posts"}],"about":[{"href":"http:\/\/www.rincondelbulla.cl\/portal\/wp-json\/wp\/v2\/types\/post"}],"author":[{"embeddable":true,"href":"http:\/\/www.rincondelbulla.cl\/portal\/wp-json\/wp\/v2\/users\/56"}],"replies":[{"embeddable":true,"href":"http:\/\/www.rincondelbulla.cl\/portal\/wp-json\/wp\/v2\/comments?post=3278"}],"version-history":[{"count":0,"href":"http:\/\/www.rincondelbulla.cl\/portal\/wp-json\/wp\/v2\/posts\/3278\/revisions"}],"wp:featuredmedia":[{"embeddable":true,"href":"http:\/\/www.rincondelbulla.cl\/portal\/wp-json\/wp\/v2\/media\/4888"}],"wp:attachment":[{"href":"http:\/\/www.rincondelbulla.cl\/portal\/wp-json\/wp\/v2\/media?parent=3278"}],"wp:term":[{"taxonomy":"category","embeddable":true,"href":"http:\/\/www.rincondelbulla.cl\/portal\/wp-json\/wp\/v2\/categories?post=3278"},{"taxonomy":"post_tag","embeddable":true,"href":"http:\/\/www.rincondelbulla.cl\/portal\/wp-json\/wp\/v2\/tags?post=3278"}],"curies":[{"name":"wp","href":"https:\/\/api.w.org\/{rel}","templated":true}]}}