{"id":3279,"date":"2012-10-11T09:37:44","date_gmt":"2012-10-11T09:37:44","guid":{"rendered":"http:\/\/www.rincondelbulla.cl\/portal\/?p=3279"},"modified":"2012-10-11T09:37:44","modified_gmt":"2012-10-11T09:37:44","slug":"el-sueno-de-muchos-se-hace-realidad-este-domingo-se-abrira-la-bandera-gigante-de-la-u","status":"publish","type":"post","link":"http:\/\/www.rincondelbulla.cl\/portal\/2012\/10\/11\/el-sueno-de-muchos-se-hace-realidad-este-domingo-se-abrira-la-bandera-gigante-de-la-u\/","title":{"rendered":"El sue\u00f1o de muchos se hace realidad: Este domingo se abrir\u00e1 la Bandera Gigante de la &#8216;U&#8217;"},"content":{"rendered":"<figure id=\"attachment_4889\" aria-describedby=\"caption-attachment-4889\" style=\"width: 700px\" class=\"wp-caption alignnone\"><img loading=\"lazy\" decoding=\"async\" class=\" size-full wp-image-4889\" src=\"http:\/\/www.rincondelbulla.cl\/portal\/wp-content\/uploads\/2012\/10\/bfac7b33633cff2302bb9ac5f5db27de.jpg\" alt=\"Foto: Claudio C\u00e1ceres\" class=\"caption\" title=\"Este domingo se abrir\u00e1 la Bandera Gigante de la 'U'\" width=\"700\" height=\"396\" srcset=\"http:\/\/www.rincondelbulla.cl\/portal\/wp-content\/uploads\/2012\/10\/bfac7b33633cff2302bb9ac5f5db27de.jpg 700w, http:\/\/www.rincondelbulla.cl\/portal\/wp-content\/uploads\/2012\/10\/bfac7b33633cff2302bb9ac5f5db27de-300x170.jpg 300w, http:\/\/www.rincondelbulla.cl\/portal\/wp-content\/uploads\/2012\/10\/bfac7b33633cff2302bb9ac5f5db27de-696x394.jpg 696w\" sizes=\"auto, (max-width: 700px) 100vw, 700px\" \/><figcaption id=\"caption-attachment-4889\" class=\"wp-caption-text\">Este domingo se abrir\u00e1 la Bandera Gigante de la &#8216;U&#8217;<\/figcaption><\/figure>\n<p><strong>Confeccionada completamente por hinchas y financiada 100% por el pueblo azul. <!--more--> <\/strong>Ya est\u00e1 confirmada la fecha en que la hinchada de Universidad de Chile mostrar\u00e1 al mundo la Bandera Gigante en honor al club. Confeccionada en su totalidad por manos bullangueras y financiada completamente por los hinchas, este sue\u00f1o que naci\u00f3 por all\u00e1 en el 2009 por fin ver\u00e1 la luz.<br \/>La cita es este domingo 14 de octubre a contar de las 14:00hrs en el Parque O\u201dHiggins y est\u00e1 invitada toda la parcialidad azul que seg\u00fan los impulsores de este proyecto se sentir\u00e1n orgullosos de ver concretado este sue\u00f1o.<\/p>\n<p>Cabe se\u00f1alar que debido a las restricciones puestas por el Plan Estadio Seguro, fue imposible mostrar al mundo la Bandera donde se debiera hacer, en el estadio en un partido de futbol. Para la Intendencia y el Ministerio del Interior mostrar esta Bandera significa un riesgo y podr\u00eda generar actos de violencia al interior de un recinto deportivo.<\/p>\n<p>La invitaci\u00f3n est\u00e1 hecha y la idea es que lleguen todos los hinchas azules y juntos muestren al mundo que no es necesario el financiamiento de alguna empresa privada para concretar este tipo de actividades, ya que muchas veces la uni\u00f3n entre hinchas y la convicci\u00f3n de un pueblo pueden m\u00e1s y este es un claro ejemplo.<\/p>\n<p>A la fecha los organizadores est\u00e1n llamando a participar a todos quienes quieran ayudar en la etapa final de este proyecto, para mayor informaci\u00f3n los interesado pueden escribir a <a href=\"mailto:claudiolasrejas@gmail.com\">claudiolasrejas@gmail.com<\/a>, tambi\u00e9n pueden ingresar a <a href=\"https:\/\/www.facebook.com\/events\/392991197434327\/399151540151626\/?notif_t=plan_mall_activity\">https:\/\/www.facebook.com\/events\/392991197434327\/399151540151626\/?notif_t=plan_mall_activity<\/a> .<\/p>\n<p>Rinc\u00f3n del Bulla estar\u00e1 presente en este hist\u00f3rico d\u00eda para la hinchada azul, los dejamos invitados para que revisen las im\u00e1genes y notas del d\u00eda del evento.<\/p>\n","protected":false},"excerpt":{"rendered":"<p>Confeccionada completamente por hinchas y financiada 100% por el pueblo azul.<\/p>\n","protected":false},"author":56,"featured_media":4889,"comment_status":"open","ping_status":"open","sticky":false,"template":"","format":"standard","meta":{"footnotes":""},"categories":[18],"tags":[454],"class_list":{"0":"post-3279","1":"post","2":"type-post","3":"status-publish","4":"format-standard","5":"has-post-thumbnail","7":"category-actualidad","8":"tag-actualidad"},"_links":{"self":[{"href":"http:\/\/www.rincondelbulla.cl\/portal\/wp-json\/wp\/v2\/posts\/3279","targetHints":{"allow":["GET"]}}],"collection":[{"href":"http:\/\/www.rincondelbulla.cl\/portal\/wp-json\/wp\/v2\/posts"}],"about":[{"href":"http:\/\/www.rincondelbulla.cl\/portal\/wp-json\/wp\/v2\/types\/post"}],"author":[{"embeddable":true,"href":"http:\/\/www.rincondelbulla.cl\/portal\/wp-json\/wp\/v2\/users\/56"}],"replies":[{"embeddable":true,"href":"http:\/\/www.rincondelbulla.cl\/portal\/wp-json\/wp\/v2\/comments?post=3279"}],"version-history":[{"count":0,"href":"http:\/\/www.rincondelbulla.cl\/portal\/wp-json\/wp\/v2\/posts\/3279\/revisions"}],"wp:featuredmedia":[{"embeddable":true,"href":"http:\/\/www.rincondelbulla.cl\/portal\/wp-json\/wp\/v2\/media\/4889"}],"wp:attachment":[{"href":"http:\/\/www.rincondelbulla.cl\/portal\/wp-json\/wp\/v2\/media?parent=3279"}],"wp:term":[{"taxonomy":"category","embeddable":true,"href":"http:\/\/www.rincondelbulla.cl\/portal\/wp-json\/wp\/v2\/categories?post=3279"},{"taxonomy":"post_tag","embeddable":true,"href":"http:\/\/www.rincondelbulla.cl\/portal\/wp-json\/wp\/v2\/tags?post=3279"}],"curies":[{"name":"wp","href":"https:\/\/api.w.org\/{rel}","templated":true}]}}