{"id":3292,"date":"2012-10-22T02:58:10","date_gmt":"2012-10-22T02:58:10","guid":{"rendered":"http:\/\/www.rincondelbulla.cl\/portal\/?p=3292"},"modified":"2012-10-22T02:58:10","modified_gmt":"2012-10-22T02:58:10","slug":"sampaoli-da-bronca-perder-siendo-superior","status":"publish","type":"post","link":"http:\/\/www.rincondelbulla.cl\/portal\/2012\/10\/22\/sampaoli-da-bronca-perder-siendo-superior\/","title":{"rendered":"Jorge Sampaoli: \u00abda bronca perder siendo superior\u00bb"},"content":{"rendered":"<figure id=\"attachment_4902\" aria-describedby=\"caption-attachment-4902\" style=\"width: 700px\" class=\"wp-caption alignnone\"><img loading=\"lazy\" decoding=\"async\" class=\" size-full wp-image-4902\" src=\"http:\/\/www.rincondelbulla.cl\/portal\/wp-content\/uploads\/2012\/10\/48808e128cefc059fe416d32c06387e3.jpg\" alt=\"Foto: Claudio C\u00e1ceres\" class=\"caption\" title=\"Jorge Sampaoli qued\u00f3 tranquilo\" width=\"700\" height=\"396\" srcset=\"http:\/\/www.rincondelbulla.cl\/portal\/wp-content\/uploads\/2012\/10\/48808e128cefc059fe416d32c06387e3.jpg 700w, http:\/\/www.rincondelbulla.cl\/portal\/wp-content\/uploads\/2012\/10\/48808e128cefc059fe416d32c06387e3-300x170.jpg 300w, http:\/\/www.rincondelbulla.cl\/portal\/wp-content\/uploads\/2012\/10\/48808e128cefc059fe416d32c06387e3-696x394.jpg 696w\" sizes=\"auto, (max-width: 700px) 100vw, 700px\" \/><figcaption id=\"caption-attachment-4902\" class=\"wp-caption-text\">Jorge Sampaoli qued\u00f3 tranquilo<\/figcaption><\/figure>\n<p><strong>Tras la derrota sufrida ante Colo-Colo, en el s\u00faper cl\u00e1sico del f\u00fatbol chileno, los dardos azules apuntaron sobre el juez del partido Patricio Polic y, m\u00e1s a\u00fan, sobre algunos de los jugadores del rival. Y es que los albos, quiz\u00e1s poco acostumbrados a estos triunfos en el \u00faltimo tiempo, celebraron como si se tratara de la final del mundo. <!--more--> <\/strong>Quien abri\u00f3 los fuegos fuera del vestuario y ya m\u00e1s tranquilo luego del fin del partido fue el director t\u00e9cnico azul, <strong>Jorge Sampaoli<\/strong>, quien declar\u00f3 que<strong> \u201cda bronca perder siendo superior, pero se valora haber jugado un partido y eso te da la chance de saber que estamos intactos y que vamos a pelear cualquier situaci\u00f3n en el futuro\u201d<\/strong>.<\/p>\n<p>Adem\u00e1s, consultado sobre las palabras de algunos jugadores del rival y su t\u00e9cnico, quienes gritaron que \u201cla moda se acab\u00f3\u201d, Sampaoli indic\u00f3 que \u201cellos pueden decir lo que quieran, lo que yo quiero dejar en claro es que la U hoy fue muy superior, pero muy superior a ellos, entonces el an\u00e1lisis, para m\u00ed, es ese\u201d.<\/p>\n<p>Otro que enfrent\u00f3 a los micr\u00f3fonos fue <strong>Gustavo Lorenzetti<\/strong>, <strong>\u201cfutbol\u00edsticamente y once contra once fuimos muy superiores, demostramos que estamos en un alto nivel\u2026 No pudimos abrir el marcador, se nos complic\u00f3 un poco con un hombre menos pero m\u00e1s all\u00e1 de todo creo que las opciones m\u00e1s claras fueron de nosotros\u201d<\/strong>.<\/p>\n<p>Pero tambi\u00e9n, el 22 de la U tuvo palabras para el arbitraje y los rivales. \u201ces una falta de respeto (las burlas albas) pero ya estamos acostumbrados a eso viniendo de ellos\u2026 Tambi\u00e9n quiero decir otra cosa,<strong> me parece extra\u00f1o que el partido m\u00e1s importante no lo arbitre el mejor arbitro del f\u00fatbol chileno, hubo un claro penal, ver\u00e9 las noticias para ver qu\u00e9 hablan sobre eso\u201d<\/strong><\/p>\n","protected":false},"excerpt":{"rendered":"<p>Tras la derrota sufrida ante Colo-Colo, en el s\u00faper cl\u00e1sico del f\u00fatbol chileno, los dardos azules apuntaron sobre el juez del partido Patricio Polic y, m\u00e1s a\u00fan, sobre algunos de los jugadores del rival. Y es que los albos, quiz\u00e1s poco acostumbrados a estos triunfos en el \u00faltimo tiempo, celebraron como si se tratara de [&#8230;]<\/p>\n","protected":false},"author":57,"featured_media":4902,"comment_status":"open","ping_status":"open","sticky":false,"template":"","format":"standard","meta":{"footnotes":""},"categories":[18],"tags":[454,112,40,44],"class_list":{"0":"post-3292","1":"post","2":"type-post","3":"status-publish","4":"format-standard","5":"has-post-thumbnail","7":"category-actualidad","8":"tag-actualidad","9":"tag-clausura-2012","10":"tag-jorge-sampaoli","11":"tag-superclasico"},"_links":{"self":[{"href":"http:\/\/www.rincondelbulla.cl\/portal\/wp-json\/wp\/v2\/posts\/3292","targetHints":{"allow":["GET"]}}],"collection":[{"href":"http:\/\/www.rincondelbulla.cl\/portal\/wp-json\/wp\/v2\/posts"}],"about":[{"href":"http:\/\/www.rincondelbulla.cl\/portal\/wp-json\/wp\/v2\/types\/post"}],"author":[{"embeddable":true,"href":"http:\/\/www.rincondelbulla.cl\/portal\/wp-json\/wp\/v2\/users\/57"}],"replies":[{"embeddable":true,"href":"http:\/\/www.rincondelbulla.cl\/portal\/wp-json\/wp\/v2\/comments?post=3292"}],"version-history":[{"count":0,"href":"http:\/\/www.rincondelbulla.cl\/portal\/wp-json\/wp\/v2\/posts\/3292\/revisions"}],"wp:featuredmedia":[{"embeddable":true,"href":"http:\/\/www.rincondelbulla.cl\/portal\/wp-json\/wp\/v2\/media\/4902"}],"wp:attachment":[{"href":"http:\/\/www.rincondelbulla.cl\/portal\/wp-json\/wp\/v2\/media?parent=3292"}],"wp:term":[{"taxonomy":"category","embeddable":true,"href":"http:\/\/www.rincondelbulla.cl\/portal\/wp-json\/wp\/v2\/categories?post=3292"},{"taxonomy":"post_tag","embeddable":true,"href":"http:\/\/www.rincondelbulla.cl\/portal\/wp-json\/wp\/v2\/tags?post=3292"}],"curies":[{"name":"wp","href":"https:\/\/api.w.org\/{rel}","templated":true}]}}