{"id":3293,"date":"2012-10-22T13:05:22","date_gmt":"2012-10-22T13:05:22","guid":{"rendered":"http:\/\/www.rincondelbulla.cl\/portal\/?p=3293"},"modified":"2012-10-22T13:05:22","modified_gmt":"2012-10-22T13:05:22","slug":"programacion-la-u-da-vuelta-la-pagina-y-se-encuentra-lista-para-pelear-dos-frentes","status":"publish","type":"post","link":"http:\/\/www.rincondelbulla.cl\/portal\/2012\/10\/22\/programacion-la-u-da-vuelta-la-pagina-y-se-encuentra-lista-para-pelear-dos-frentes\/","title":{"rendered":"Programaci\u00f3n: La &#8216;U&#8217; da vuelta la p\u00e1gina y se encuentra lista para pelear dos frentes"},"content":{"rendered":"<figure id=\"attachment_4903\" aria-describedby=\"caption-attachment-4903\" style=\"width: 700px\" class=\"wp-caption alignnone\"><img loading=\"lazy\" decoding=\"async\" class=\" size-full wp-image-4903\" src=\"http:\/\/www.rincondelbulla.cl\/portal\/wp-content\/uploads\/2012\/10\/2500adbea25740e025bcce2dce1688ed.jpg\" alt=\"Foto: Claudio C\u00e1ceres\" class=\"caption\" title=\"La 'U' da vuelta la p\u00e1gina y se encuentra lista para pelear dos frentes\" width=\"700\" height=\"396\" srcset=\"http:\/\/www.rincondelbulla.cl\/portal\/wp-content\/uploads\/2012\/10\/2500adbea25740e025bcce2dce1688ed.jpg 700w, http:\/\/www.rincondelbulla.cl\/portal\/wp-content\/uploads\/2012\/10\/2500adbea25740e025bcce2dce1688ed-300x170.jpg 300w, http:\/\/www.rincondelbulla.cl\/portal\/wp-content\/uploads\/2012\/10\/2500adbea25740e025bcce2dce1688ed-696x394.jpg 696w\" sizes=\"auto, (max-width: 700px) 100vw, 700px\" \/><figcaption id=\"caption-attachment-4903\" class=\"wp-caption-text\">La &#8216;U&#8217; da vuelta la p\u00e1gina y se encuentra lista para pelear dos frentes<\/figcaption><\/figure>\n<p><strong>Este jueves, la Universidad de Chile enfrentar\u00e1 al Emelec de Ecuador, en el partido de vuelta, v\u00e1lido por los octavos de final de la Copa Sudamericana 2012. Mientras que en el torneo local, los azules recibir\u00e1n a un complicado cuadro de la Universidad de Concepci\u00f3n, por la decimoquinta fecha del Clausura. Revisa los detalles de la programaci\u00f3n semanal de la \u2018U\u2019, por <em>Rinc\u00f3n del Bulla<\/em>. <!--more--> A BUSCAR LOS CUARTOS DE FINAL<\/strong><\/p>\n<p>Universidad de Chile se embarcar\u00e1 el martes a Guayaquil para preparar el partido de vuelta contra el Emelec. Cabe destacar que en un irregular partido de ida, los leones empataron a dos. Los goles azules fueron obra de Enzo Guti\u00e9rrez y Sebasti\u00e1n Ubilla. Mientras que para&nbsp; los ecuatorianos anotaron el argentino Luciano Figueroa y Marlon De Jes\u00fas.<\/p>\n<p>Recordemos que la \u201cU\u201d est\u00e1 defendiendo el t\u00edtulo obtenido el 2011 y para seguir por esa senda, los resultados que tienen que sacar los laicos para clasificar es un triunfo o un empate por m\u00e1s de dos goles. Adem\u00e1s para el choque, el le\u00f3n no podr\u00e1 contar con Jhonny Herrera, ya que el mismo d\u00eda del partido deber\u00e1 comparecer ante el quinto juzgado de garant\u00eda de Quintero.<\/p>\n<p>El encuentro ser\u00e1 el jueves 25 de octubre en el Estadio George Capwell, Guayaquil a las 19:15 (hora de Chile) y la transmisi\u00f3n estar\u00e1 a cargo de Fox Sports Premium. &nbsp;<\/p>\n<p><strong>EN EL SANTA LAURA LEVANTAMOS CABEZA<\/strong><\/p>\n<p>Luego de una fea ca\u00edda contra el cuadro de Colo Colo, los dirigidos de Jorge Sampaoli recibir\u00e1n a una complicada Universidad de Concepci\u00f3n, en un partido v\u00e1lido por la por la decimoquinta fecha del clausura. En el cuadro azul no podr\u00e1n estar Eugenio Mena y Jhonny Herrera, pues fueron expulsados en el s\u00faper cl\u00e1sico del f\u00fatbol chileno. Adem\u00e1s para los hinchas volver\u00e1 la preventa de entradas y podr\u00e1 adquirirlas a trav\u00e9s del Sistema PuntoTicket, antes del 25 de octubre. Los precios van desde, la galer\u00eda, los $4000 (con preventa) hasta los $20 mil la Tribuna, la cual no tiene preventa. &nbsp;<\/p>\n<p>El partido se encuentra programando para el lunes 29 de octubre a las 20 horas, ya que el domingo 28 no habr\u00e1 f\u00fatbol, pues ese d\u00eda ser\u00e1n las elecciones de alcaldes y concejales. El encuentro se&nbsp; disputar\u00e1 en el Estadio Santa Laura. Transmite CDF Premium.<\/p>\n","protected":false},"excerpt":{"rendered":"<p>Este jueves, la Universidad de Chile enfrentar\u00e1 al Emelec de Ecuador, en el partido de vuelta, v\u00e1lido por los octavos de final de la Copa Sudamericana 2012. Mientras que en el torneo local, los azules recibir\u00e1n a un complicado cuadro de la Universidad de Concepci\u00f3n, por la decimoquinta fecha del Clausura. Revisa los detalles de [&#8230;]<\/p>\n","protected":false},"author":60,"featured_media":4903,"comment_status":"open","ping_status":"open","sticky":false,"template":"","format":"standard","meta":{"footnotes":""},"categories":[18],"tags":[454,112,123,59],"class_list":{"0":"post-3293","1":"post","2":"type-post","3":"status-publish","4":"format-standard","5":"has-post-thumbnail","7":"category-actualidad","8":"tag-actualidad","9":"tag-clausura-2012","10":"tag-copa-sudamericana-2012","11":"tag-programacion"},"_links":{"self":[{"href":"http:\/\/www.rincondelbulla.cl\/portal\/wp-json\/wp\/v2\/posts\/3293","targetHints":{"allow":["GET"]}}],"collection":[{"href":"http:\/\/www.rincondelbulla.cl\/portal\/wp-json\/wp\/v2\/posts"}],"about":[{"href":"http:\/\/www.rincondelbulla.cl\/portal\/wp-json\/wp\/v2\/types\/post"}],"author":[{"embeddable":true,"href":"http:\/\/www.rincondelbulla.cl\/portal\/wp-json\/wp\/v2\/users\/60"}],"replies":[{"embeddable":true,"href":"http:\/\/www.rincondelbulla.cl\/portal\/wp-json\/wp\/v2\/comments?post=3293"}],"version-history":[{"count":0,"href":"http:\/\/www.rincondelbulla.cl\/portal\/wp-json\/wp\/v2\/posts\/3293\/revisions"}],"wp:featuredmedia":[{"embeddable":true,"href":"http:\/\/www.rincondelbulla.cl\/portal\/wp-json\/wp\/v2\/media\/4903"}],"wp:attachment":[{"href":"http:\/\/www.rincondelbulla.cl\/portal\/wp-json\/wp\/v2\/media?parent=3293"}],"wp:term":[{"taxonomy":"category","embeddable":true,"href":"http:\/\/www.rincondelbulla.cl\/portal\/wp-json\/wp\/v2\/categories?post=3293"},{"taxonomy":"post_tag","embeddable":true,"href":"http:\/\/www.rincondelbulla.cl\/portal\/wp-json\/wp\/v2\/tags?post=3293"}],"curies":[{"name":"wp","href":"https:\/\/api.w.org\/{rel}","templated":true}]}}