{"id":3296,"date":"2012-10-24T17:24:35","date_gmt":"2012-10-24T17:24:35","guid":{"rendered":"http:\/\/www.rincondelbulla.cl\/portal\/?p=3296"},"modified":"2012-10-24T17:24:35","modified_gmt":"2012-10-24T17:24:35","slug":"hinchas-de-la-u-crearon-una-camiseta-gigante-en-homenaje-a-rivarola","status":"publish","type":"post","link":"http:\/\/www.rincondelbulla.cl\/portal\/2012\/10\/24\/hinchas-de-la-u-crearon-una-camiseta-gigante-en-homenaje-a-rivarola\/","title":{"rendered":"Hinchas de la \u00abU\u00bb crearon una camiseta gigante en homenaje a Rivarola"},"content":{"rendered":"<figure id=\"attachment_4906\" aria-describedby=\"caption-attachment-4906\" style=\"width: 700px\" class=\"wp-caption alignnone\"><img loading=\"lazy\" decoding=\"async\" class=\" size-full wp-image-4906\" src=\"http:\/\/www.rincondelbulla.cl\/portal\/wp-content\/uploads\/2012\/10\/8e4e30c8fc08507de1b0b5afc7d32a85.jpg\" alt=\"Foto: Udechile.cl\" class=\"caption\" title=\"Hinchas de la \u201cU\u201d homenajearon a Diego Rivarola\" width=\"700\" height=\"396\" srcset=\"http:\/\/www.rincondelbulla.cl\/portal\/wp-content\/uploads\/2012\/10\/8e4e30c8fc08507de1b0b5afc7d32a85.jpg 700w, http:\/\/www.rincondelbulla.cl\/portal\/wp-content\/uploads\/2012\/10\/8e4e30c8fc08507de1b0b5afc7d32a85-300x170.jpg 300w, http:\/\/www.rincondelbulla.cl\/portal\/wp-content\/uploads\/2012\/10\/8e4e30c8fc08507de1b0b5afc7d32a85-696x394.jpg 696w\" sizes=\"auto, (max-width: 700px) 100vw, 700px\" \/><figcaption id=\"caption-attachment-4906\" class=\"wp-caption-text\">Hinchas de la \u201cU\u201d homenajearon a Diego Rivarola<\/figcaption><\/figure>\n<p><strong>Fan\u00e1ticos del cuadro azul llegaron hasta las dependencias del CDA para entregarle el obsequio al mendocino.<\/strong> <!--more--> Diego Rivarola ya va a cumplir un a\u00f1o desde que se retir\u00f3 de Universidad de Chile. El ex delantero de la escuadra universitaria sigue siendo recordado por sus hinchas, quienes no olvidan sus goles y grandes actuaciones con la camiseta azul.<\/p>\n<p>Y los fan\u00e1ticos del cuadro estudiantil no quer\u00edan perder la oportunidad de seguir homenajeando al \u00eddolo azul.<\/p>\n<p>En esta oportunidad, los hinchas crearon una camiseta gigigante en honor a \u00abGok\u00fa\u00bb, que fue desplegada en uno de las canchas de entrenamientos del Centro Deportivo Azul.<\/p>\n<p>En la camiseta tambi\u00e9n se puede apreciar el n\u00famero \u00ab7\u00bb, n\u00famero que ocup\u00f3 el delantero en la \u00abU\u00bb. Tambi\u00e9n se puede apreciar el \u00abGracias Goku\u00bb, apodo del goleador azul.<\/p>\n<p>El jugador comparti\u00f3 con los hinchas estudiantiles, se sac\u00f3 fotograf\u00edas y agradeci\u00f3 el gesto de los fan\u00e1ticos de Universidad de Chile.<\/p>\n<p><strong>Fuente:<\/strong> La Tercera<\/p>\n","protected":false},"excerpt":{"rendered":"<p>Fan\u00e1ticos del cuadro azul llegaron hasta las dependencias del CDA para entregarle el obsequio al mendocino.<\/p>\n","protected":false},"author":1,"featured_media":4906,"comment_status":"open","ping_status":"open","sticky":false,"template":"","format":"standard","meta":{"footnotes":""},"categories":[18],"tags":[454,45],"class_list":{"0":"post-3296","1":"post","2":"type-post","3":"status-publish","4":"format-standard","5":"has-post-thumbnail","7":"category-actualidad","8":"tag-actualidad","9":"tag-diego-rivarola"},"_links":{"self":[{"href":"http:\/\/www.rincondelbulla.cl\/portal\/wp-json\/wp\/v2\/posts\/3296","targetHints":{"allow":["GET"]}}],"collection":[{"href":"http:\/\/www.rincondelbulla.cl\/portal\/wp-json\/wp\/v2\/posts"}],"about":[{"href":"http:\/\/www.rincondelbulla.cl\/portal\/wp-json\/wp\/v2\/types\/post"}],"author":[{"embeddable":true,"href":"http:\/\/www.rincondelbulla.cl\/portal\/wp-json\/wp\/v2\/users\/1"}],"replies":[{"embeddable":true,"href":"http:\/\/www.rincondelbulla.cl\/portal\/wp-json\/wp\/v2\/comments?post=3296"}],"version-history":[{"count":0,"href":"http:\/\/www.rincondelbulla.cl\/portal\/wp-json\/wp\/v2\/posts\/3296\/revisions"}],"wp:featuredmedia":[{"embeddable":true,"href":"http:\/\/www.rincondelbulla.cl\/portal\/wp-json\/wp\/v2\/media\/4906"}],"wp:attachment":[{"href":"http:\/\/www.rincondelbulla.cl\/portal\/wp-json\/wp\/v2\/media?parent=3296"}],"wp:term":[{"taxonomy":"category","embeddable":true,"href":"http:\/\/www.rincondelbulla.cl\/portal\/wp-json\/wp\/v2\/categories?post=3296"},{"taxonomy":"post_tag","embeddable":true,"href":"http:\/\/www.rincondelbulla.cl\/portal\/wp-json\/wp\/v2\/tags?post=3296"}],"curies":[{"name":"wp","href":"https:\/\/api.w.org\/{rel}","templated":true}]}}