{"id":3297,"date":"2012-10-24T21:32:27","date_gmt":"2012-10-24T21:32:27","guid":{"rendered":"http:\/\/www.rincondelbulla.cl\/portal\/?p=3297"},"modified":"2012-10-24T21:32:27","modified_gmt":"2012-10-24T21:32:27","slug":"jorge-sampaoli-en-la-copa-lo-importante-es-la-contundencia","status":"publish","type":"post","link":"http:\/\/www.rincondelbulla.cl\/portal\/2012\/10\/24\/jorge-sampaoli-en-la-copa-lo-importante-es-la-contundencia\/","title":{"rendered":"Jorge Sampaoli: \u00abEn la copa lo importante es la contundencia\u00bb"},"content":{"rendered":"<figure id=\"attachment_4907\" aria-describedby=\"caption-attachment-4907\" style=\"width: 700px\" class=\"wp-caption alignnone\"><img loading=\"lazy\" decoding=\"async\" class=\" size-full wp-image-4907\" src=\"http:\/\/www.rincondelbulla.cl\/portal\/wp-content\/uploads\/2012\/10\/78fa804fb67df6be42bb37c459b05e03.jpg\" alt=\"Foto: Claudio C\u00e1ceres\" class=\"caption\" title=\"Sampaoli dej\u00f3 en claro que necesitan mejorar la definici\u00f3n para pasar la llave ante Emelec\" width=\"700\" height=\"396\" srcset=\"http:\/\/www.rincondelbulla.cl\/portal\/wp-content\/uploads\/2012\/10\/78fa804fb67df6be42bb37c459b05e03.jpg 700w, http:\/\/www.rincondelbulla.cl\/portal\/wp-content\/uploads\/2012\/10\/78fa804fb67df6be42bb37c459b05e03-300x170.jpg 300w, http:\/\/www.rincondelbulla.cl\/portal\/wp-content\/uploads\/2012\/10\/78fa804fb67df6be42bb37c459b05e03-696x394.jpg 696w\" sizes=\"auto, (max-width: 700px) 100vw, 700px\" \/><figcaption id=\"caption-attachment-4907\" class=\"wp-caption-text\">Sampaoli dej\u00f3 en claro que necesitan mejorar la definici\u00f3n para pasar la llave ante Emelec<\/figcaption><\/figure>\n<p><strong>Desde Ecuador Jorge Sampaoli dej\u00f3 en claro que a pesar del buen juego que han mostrado la &#8216;U&#8217; partidos importantes, necesitan mejorar la definici\u00f3n para pasar la llave ante Emelec. \u00abEsperamos que Garc\u00e9s siga con el mismo nivel de Copa Chile\u00bb, dijo el DT. <!--more--> <\/strong>Aunque se hab\u00eda anunciado que Jorge Sampaoli no hablar\u00eda en la previa del choque de Universidad de Chile ante Emelec en Ecuador, finalmente el t\u00e9cnico compareci\u00f3 ante la prensa local para analizar el choque del jueves, donde buscar\u00e1n el paso a cuartos de final en la Copa Sudamericana.<\/p>\n<p>\u00abLa intenci\u00f3n inicial est\u00e1 pactada para hacer un partido audaz que nos permita llevarnos la clasificaci\u00f3n. Necesitamos romper el andamiaje defensivo de Emelec para poder desarrollar nuestro f\u00fatbol\u00bb, explic\u00f3 el argentino.<\/p>\n<p>En cuanto al juego que viene haciendo el equipo, el DT reiter\u00f3 su conformidad, pero no ocult\u00f3 la preocupaci\u00f3n por la falta de gol. \u00abEn este tipo de copas lo importante es la contudencia y se traslada mucho al aspecto an\u00edmico, porque cuando uno tiene que salir con una obligaci\u00f3n de goles se genera ansiedad y provoca equivocaciones, y el rival tiene un plus\u00bb.<\/p>\n<p>A pesar de que el equipo tendr\u00e1 una baja relevante como Johnny Herrera, el ex t\u00e9cnico de Emelec explic\u00f3 que \u00abesperamos que Paulo siga con el nivel de la Copa Chile, ya que lo ha hecho de gran forma. La baja de Herrera es sensible por lo que significa para el grupo, es un referente\u00bb.<\/p>\n<p>Finalmente Sampaoli reiter\u00f3 su deseo de mantener la racha de t\u00edtulos. \u00abLa idea de juego est\u00e1 instalada en cuanto a tener el protagonismo absoluto, lo cual el equipo respeta, a veces resulta bien y a veces no, pero esperamos que lo que nos queda en esta copa y el torneo local ganar algo porque la gente se acostumbr\u00f3 a ganar todo lo que se juega\u00bb, se\u00f1al\u00f3.<\/p>\n<p><strong>Fuente:<\/strong> Prensafutbol.cl<\/p>\n","protected":false},"excerpt":{"rendered":"<p>Desde Ecuador Jorge Sampaoli dej\u00f3 en claro que a pesar del buen juego que han mostrado la &#8216;U&#8217; partidos importantes, necesitan mejorar la definici\u00f3n para pasar la llave ante Emelec. \u00abEsperamos que Garc\u00e9s siga con el mismo nivel de Copa Chile\u00bb, dijo el DT.<\/p>\n","protected":false},"author":1,"featured_media":4907,"comment_status":"open","ping_status":"open","sticky":false,"template":"","format":"standard","meta":{"footnotes":""},"categories":[18],"tags":[454,123,40],"class_list":{"0":"post-3297","1":"post","2":"type-post","3":"status-publish","4":"format-standard","5":"has-post-thumbnail","7":"category-actualidad","8":"tag-actualidad","9":"tag-copa-sudamericana-2012","10":"tag-jorge-sampaoli"},"_links":{"self":[{"href":"http:\/\/www.rincondelbulla.cl\/portal\/wp-json\/wp\/v2\/posts\/3297","targetHints":{"allow":["GET"]}}],"collection":[{"href":"http:\/\/www.rincondelbulla.cl\/portal\/wp-json\/wp\/v2\/posts"}],"about":[{"href":"http:\/\/www.rincondelbulla.cl\/portal\/wp-json\/wp\/v2\/types\/post"}],"author":[{"embeddable":true,"href":"http:\/\/www.rincondelbulla.cl\/portal\/wp-json\/wp\/v2\/users\/1"}],"replies":[{"embeddable":true,"href":"http:\/\/www.rincondelbulla.cl\/portal\/wp-json\/wp\/v2\/comments?post=3297"}],"version-history":[{"count":0,"href":"http:\/\/www.rincondelbulla.cl\/portal\/wp-json\/wp\/v2\/posts\/3297\/revisions"}],"wp:featuredmedia":[{"embeddable":true,"href":"http:\/\/www.rincondelbulla.cl\/portal\/wp-json\/wp\/v2\/media\/4907"}],"wp:attachment":[{"href":"http:\/\/www.rincondelbulla.cl\/portal\/wp-json\/wp\/v2\/media?parent=3297"}],"wp:term":[{"taxonomy":"category","embeddable":true,"href":"http:\/\/www.rincondelbulla.cl\/portal\/wp-json\/wp\/v2\/categories?post=3297"},{"taxonomy":"post_tag","embeddable":true,"href":"http:\/\/www.rincondelbulla.cl\/portal\/wp-json\/wp\/v2\/tags?post=3297"}],"curies":[{"name":"wp","href":"https:\/\/api.w.org\/{rel}","templated":true}]}}