{"id":3298,"date":"2012-10-25T10:31:19","date_gmt":"2012-10-25T10:31:19","guid":{"rendered":"http:\/\/www.rincondelbulla.cl\/portal\/?p=3298"},"modified":"2012-10-25T10:31:19","modified_gmt":"2012-10-25T10:31:19","slug":"la-previa-la-u-visita-a-emelec-para-mantener-vivo-el-sueno-de-una-nueva-copa","status":"publish","type":"post","link":"http:\/\/www.rincondelbulla.cl\/portal\/2012\/10\/25\/la-previa-la-u-visita-a-emelec-para-mantener-vivo-el-sueno-de-una-nueva-copa\/","title":{"rendered":"La Previa: La &#8216;U&#8217; visita a Emelec para mantener vivo el sue\u00f1o de una nueva copa"},"content":{"rendered":"<figure id=\"attachment_4908\" aria-describedby=\"caption-attachment-4908\" style=\"width: 700px\" class=\"wp-caption alignnone\"><img loading=\"lazy\" decoding=\"async\" class=\" size-full wp-image-4908\" src=\"http:\/\/www.rincondelbulla.cl\/portal\/wp-content\/uploads\/2012\/10\/b7bfa0de06c32dfbda80fde5fb8a7710.jpg\" alt=\"Foto: Patricio Gonz\u00e1lez\" class=\"caption\" title=\"La 'U' visita a Emelec para mantener vivo el sue\u00f1o de una nueva copa\" width=\"700\" height=\"396\" srcset=\"http:\/\/www.rincondelbulla.cl\/portal\/wp-content\/uploads\/2012\/10\/b7bfa0de06c32dfbda80fde5fb8a7710.jpg 700w, http:\/\/www.rincondelbulla.cl\/portal\/wp-content\/uploads\/2012\/10\/b7bfa0de06c32dfbda80fde5fb8a7710-300x170.jpg 300w, http:\/\/www.rincondelbulla.cl\/portal\/wp-content\/uploads\/2012\/10\/b7bfa0de06c32dfbda80fde5fb8a7710-696x394.jpg 696w\" sizes=\"auto, (max-width: 700px) 100vw, 700px\" \/><figcaption id=\"caption-attachment-4908\" class=\"wp-caption-text\">La &#8216;U&#8217; visita a Emelec para mantener vivo el sue\u00f1o de una nueva copa<\/figcaption><\/figure>\n<p><strong>La noche del jueves los el\u00e9ctricos de Guayaquil recibir\u00e1n al Rom\u00e1ntico Viajero para definir un nuevo clasificado a la ronda de los ocho mejores de Sudam\u00e9rica. Emelec dio gran batalla en Santiago y se llev\u00f3 un empate. \u00bfPodr\u00e1 el Le\u00f3n sacar las garras en Quito? Los detalles por <em>Rinc\u00f3n del Bulla<\/em>.<\/strong><\/p>\n<p>  <!--more-->  <\/p>\n<p>El golazo de Ubilla en la ida fue un respiro azul. El ex delantero de Wanderers que poco a poco va agarrando ritmo tras una lesi\u00f3n que lo mantuvo fuera de las canchas un par de semanas, decret\u00f3 el 2 a 2 con el que finaliz\u00f3 el partido en Santiago&nbsp; y que tiene&nbsp; a Emelec en una c\u00f3moda posici\u00f3n de cara al enfrentamiento fijado para este jueves a las 21:45 en el Estadio George Capwell de Guayaquil.<\/p>\n<p>&nbsp;<\/p>\n<p>La U ha tenido un tranco m\u00e1s bien irregular a lo largo del segundo semestre, en donde ha mostrado variaciones tanto en el nivel futbol\u00edstico como en los resultados que ha obtenido en las distintas competiciones en las que se ha hecho part\u00edcipe. Prueba de ello es la goleada a favor en Playa Ancha enfrentando a Wanderers por Copa Chile y la derrota por la cuenta m\u00ednima frente a Colo Colo por el Clausura, con s\u00f3lo una semana de desfase.<\/p>\n<p>Lo cierto es que los leones de Sampaoli quieren dejar atr\u00e1s el resultado amargo del cl\u00e1sico del fin de semana para dar un paso importante en la Copa Sudamericana. La misi\u00f3n no es menor: ir a buscar la victoria en Ecuador, pa\u00eds que por lo menos trae buenos recuerdos en lo reciente, considerando que fue en esas tierras en donde con tanto de Eduardo Vargas la U se trajo la mitad de su primer t\u00edtulo internacional frente a LDU.<\/p>\n<p>Jorge Luis Sampaoli ha se\u00f1alado que para el encuentro de vuelta frente a Emelec se saldr\u00e1 a jugar con valent\u00eda, y ojal\u00e1&nbsp; buscando hacer el mismo f\u00fatbol que se realiz\u00f3 frente a los albos; el que si bien careci\u00f3 de finiquito tuvo un positivo nivel en lo colectivo.<\/p>\n<p>Respecto a la formaci\u00f3n titular, a\u00fan no hay claridad sobre la oncena que saldr\u00e1 desde el primer minuto a buscar la clasificaci\u00f3n, sin embargo es un hecho que Jhonny Herrera no estar\u00e1 en Ecuador debido a l\u00edos de car\u00e1cter legal. De esta forma a\u00fan s\u00f3lo se puede asegurar que <strong>el guardavallas titular de los azules ser\u00e1 Paulo Garc\u00e9s. El resto del equipo azul estar\u00e1 compuesto por Osvaldo Gonz\u00e1lez, Sebasti\u00e1n Mart\u00ednez y Jos\u00e9 Rojas en defensa; Rodr\u00edguez por derecha, Ar\u00e1nguiz, Marino y Eugenio Mena cubriendo la mitad del campo de juego; mientras que en delantera el tridente lo armar\u00e1n Ubilla y Lorenzetti como extremos, dejando a Enzo Guti\u00e9rrez por el centro<\/strong>.<\/p>\n<p>Gustavo Quinteros, estratega de la escuadra ecuatoriana asegura que la llave a\u00fan se encuentra cerrada y que perfectamente puede terminar a favor de cualquiera de los dos equipos en competencia. Los el\u00e9ctricos vienen de empatar a un tanto con Olmedo por el torneo de su pa\u00eds, y la probable oncena que alinear\u00e1n este jueves estar\u00eda compuesta por Wilmer Zumba en el p\u00f3rtico; Wilson Morante, Nasuti, Achilier y Oscar Bag\u00fc\u00ed en el fondo; Corozo, Polo Wila, Gim\u00e9nez y Mondaini en el mediocampo; para tener en delantera a Luciano Figueroa y Marlon de Jes\u00fas.<\/p>\n<p><strong>La tarea es dif\u00edcil: ir a buscar el triunfo en la casa de uno de los equipos m\u00e1s regulares de Ecuador, y que es reconocido por sus propios rivales del torneo local como una escuadra de buen juego. El Rom\u00e1ntico Viajero de Sampaoli sabe llevar adelante labores complicadas y de no poder, sin dudas su gente estar\u00e1 esperando con la misma alegr\u00eda del primer d\u00eda. La cita es a las 21:45 de este jueves y en Rinc\u00f3n del Bulla tendr\u00e1s el minuto a minuto del partido. \u00a1Vamos Leones!<\/strong><\/p>\n","protected":false},"excerpt":{"rendered":"<p>La noche del jueves los el\u00e9ctricos de Guayaquil recibir\u00e1n al Rom\u00e1ntico Viajero para definir un nuevo clasificado a la ronda de los ocho mejores de Sudam\u00e9rica. Emelec dio gran batalla en Santiago y se llev\u00f3 un empate. \u00bfPodr\u00e1 el Le\u00f3n sacar las garras en Quito? Los detalles por Rinc\u00f3n del Bulla.<\/p>\n","protected":false},"author":54,"featured_media":4908,"comment_status":"open","ping_status":"open","sticky":false,"template":"","format":"standard","meta":{"footnotes":""},"categories":[18],"tags":[454,123,37],"class_list":{"0":"post-3298","1":"post","2":"type-post","3":"status-publish","4":"format-standard","5":"has-post-thumbnail","7":"category-actualidad","8":"tag-actualidad","9":"tag-copa-sudamericana-2012","10":"tag-la-previa"},"_links":{"self":[{"href":"http:\/\/www.rincondelbulla.cl\/portal\/wp-json\/wp\/v2\/posts\/3298","targetHints":{"allow":["GET"]}}],"collection":[{"href":"http:\/\/www.rincondelbulla.cl\/portal\/wp-json\/wp\/v2\/posts"}],"about":[{"href":"http:\/\/www.rincondelbulla.cl\/portal\/wp-json\/wp\/v2\/types\/post"}],"author":[{"embeddable":true,"href":"http:\/\/www.rincondelbulla.cl\/portal\/wp-json\/wp\/v2\/users\/54"}],"replies":[{"embeddable":true,"href":"http:\/\/www.rincondelbulla.cl\/portal\/wp-json\/wp\/v2\/comments?post=3298"}],"version-history":[{"count":0,"href":"http:\/\/www.rincondelbulla.cl\/portal\/wp-json\/wp\/v2\/posts\/3298\/revisions"}],"wp:featuredmedia":[{"embeddable":true,"href":"http:\/\/www.rincondelbulla.cl\/portal\/wp-json\/wp\/v2\/media\/4908"}],"wp:attachment":[{"href":"http:\/\/www.rincondelbulla.cl\/portal\/wp-json\/wp\/v2\/media?parent=3298"}],"wp:term":[{"taxonomy":"category","embeddable":true,"href":"http:\/\/www.rincondelbulla.cl\/portal\/wp-json\/wp\/v2\/categories?post=3298"},{"taxonomy":"post_tag","embeddable":true,"href":"http:\/\/www.rincondelbulla.cl\/portal\/wp-json\/wp\/v2\/tags?post=3298"}],"curies":[{"name":"wp","href":"https:\/\/api.w.org\/{rel}","templated":true}]}}