{"id":3303,"date":"2012-10-26T13:17:59","date_gmt":"2012-10-26T13:17:59","guid":{"rendered":"http:\/\/www.rincondelbulla.cl\/portal\/?p=3303"},"modified":"2012-10-26T13:17:59","modified_gmt":"2012-10-26T13:17:59","slug":"enzo-gutierrez-somos-los-ultimos-campeones-y-hay-que-revalidar-el-titulo","status":"publish","type":"post","link":"http:\/\/www.rincondelbulla.cl\/portal\/2012\/10\/26\/enzo-gutierrez-somos-los-ultimos-campeones-y-hay-que-revalidar-el-titulo\/","title":{"rendered":"Enzo Guti\u00e9rrez: \u201cSomos los \u00faltimos campeones y hay que revalidar el t\u00edtulo\u201d"},"content":{"rendered":"<figure id=\"attachment_4913\" aria-describedby=\"caption-attachment-4913\" style=\"width: 700px\" class=\"wp-caption alignnone\"><img loading=\"lazy\" decoding=\"async\" class=\" size-full wp-image-4913\" src=\"http:\/\/www.rincondelbulla.cl\/portal\/wp-content\/uploads\/2012\/10\/e194bc2b752ce10f9bc3ab028b7c6fad.jpg\" alt=\"Foto: REUTERS\" class=\"caption\" title=\"Enzo Guti\u00e9rrez: \u201cSomos los \u00faltimos campeones y hay que revalidar el t\u00edtulo\u201d\" width=\"700\" height=\"396\" srcset=\"http:\/\/www.rincondelbulla.cl\/portal\/wp-content\/uploads\/2012\/10\/e194bc2b752ce10f9bc3ab028b7c6fad.jpg 700w, http:\/\/www.rincondelbulla.cl\/portal\/wp-content\/uploads\/2012\/10\/e194bc2b752ce10f9bc3ab028b7c6fad-300x170.jpg 300w, http:\/\/www.rincondelbulla.cl\/portal\/wp-content\/uploads\/2012\/10\/e194bc2b752ce10f9bc3ab028b7c6fad-696x394.jpg 696w\" sizes=\"auto, (max-width: 700px) 100vw, 700px\" \/><figcaption id=\"caption-attachment-4913\" class=\"wp-caption-text\">Enzo Guti\u00e9rrez: \u201cSomos los \u00faltimos campeones y hay que revalidar el t\u00edtulo\u201d<\/figcaption><\/figure>\n<p><strong>El autor del gol que le dio la clasificaci\u00f3n a los cuartos de final de la Copa Sudamericana, asegur\u00f3 que su tanto ha sido de unos de los m\u00e1s importantes en su carrera, pero que lo importante es mantener la condici\u00f3n de monarca del torneo.<\/strong> <!--more--> Corr\u00eda el minuto 58\u2019 cuando el resistido Enzo Guti\u00e9rrez, por su falta de concreci\u00f3n, guerre\u00f3 una pelota entre los centrales de Emele. \u00c9ste sali\u00f3 victorioso de la pugna y luego defini\u00f3&nbsp; de gran manera frente al portero ecuatoriano Zumba. El ex O\u2019higgins volv\u00eda la ilusi\u00f3n al Cuadro M\u00e1gico que hab\u00eda tenido un irregular primer tiempo.<\/p>\n<p>En declaraciones a la cadena Fox el transandino asegur\u00f3 que este fue uno de los tantos m\u00e1s importantes en su carrera, pero la trascendencia era que el Le\u00f3n es el \u00faltimo campe\u00f3n vigente de la Copa Sudamericana y hab\u00eda que ratificar ese estatus.<\/p>\n<p>{mp3}gutierrez_emelc1{\/mp3}<\/p>\n<p>En el an\u00e1lisis del partido el argentino argument\u00f3 los primeros minutos fueron para la U, pero luego fueron los El\u00e9ctricos los que se quedaron con el control del bal\u00f3n, sin embargo la jugada del gol sali\u00f3 por la presi\u00f3n que inculca el t\u00e9cnico Jorge Sampaoli<\/p>\n<p>{mp3}gutierrez_emelc2{\/mp3}<\/p>\n<p>Consultado por su condici\u00f3n de eje delantero, que ha sido criticado al no tener poder de gol, el S\u00faper Enzo coment\u00f3 que su puesto no es el de centro delantero, pero al no haber un jugador consolidado en esa posici\u00f3n tom\u00f3 esa responsabilidad y trata de hacer lo mejor posible<\/p>\n<p>{mp3}gutierrez_emelc3{\/mp3}<\/p>\n<p>Con su gol Enzo Guti\u00e9rrez mostr\u00f3 que es un delantero de temer frente al arco rival. Si bien no es su posici\u00f3n natural, sabe que tiene una responsabilidad enorme con el equipo y la hinchada.<\/p>\n","protected":false},"excerpt":{"rendered":"<p>El autor del gol que le dio la clasificaci\u00f3n a los cuartos de final de la Copa Sudamericana, asegur\u00f3 que su tanto ha sido de unos de los m\u00e1s importantes en su carrera, pero que lo importante es mantener la condici\u00f3n de monarca del torneo.<\/p>\n","protected":false},"author":63,"featured_media":4913,"comment_status":"open","ping_status":"open","sticky":false,"template":"","format":"standard","meta":{"footnotes":""},"categories":[18],"tags":[454,123,136],"class_list":{"0":"post-3303","1":"post","2":"type-post","3":"status-publish","4":"format-standard","5":"has-post-thumbnail","7":"category-actualidad","8":"tag-actualidad","9":"tag-copa-sudamericana-2012","10":"tag-enzo-gutierrez"},"_links":{"self":[{"href":"http:\/\/www.rincondelbulla.cl\/portal\/wp-json\/wp\/v2\/posts\/3303","targetHints":{"allow":["GET"]}}],"collection":[{"href":"http:\/\/www.rincondelbulla.cl\/portal\/wp-json\/wp\/v2\/posts"}],"about":[{"href":"http:\/\/www.rincondelbulla.cl\/portal\/wp-json\/wp\/v2\/types\/post"}],"author":[{"embeddable":true,"href":"http:\/\/www.rincondelbulla.cl\/portal\/wp-json\/wp\/v2\/users\/63"}],"replies":[{"embeddable":true,"href":"http:\/\/www.rincondelbulla.cl\/portal\/wp-json\/wp\/v2\/comments?post=3303"}],"version-history":[{"count":0,"href":"http:\/\/www.rincondelbulla.cl\/portal\/wp-json\/wp\/v2\/posts\/3303\/revisions"}],"wp:featuredmedia":[{"embeddable":true,"href":"http:\/\/www.rincondelbulla.cl\/portal\/wp-json\/wp\/v2\/media\/4913"}],"wp:attachment":[{"href":"http:\/\/www.rincondelbulla.cl\/portal\/wp-json\/wp\/v2\/media?parent=3303"}],"wp:term":[{"taxonomy":"category","embeddable":true,"href":"http:\/\/www.rincondelbulla.cl\/portal\/wp-json\/wp\/v2\/categories?post=3303"},{"taxonomy":"post_tag","embeddable":true,"href":"http:\/\/www.rincondelbulla.cl\/portal\/wp-json\/wp\/v2\/tags?post=3303"}],"curies":[{"name":"wp","href":"https:\/\/api.w.org\/{rel}","templated":true}]}}