{"id":3304,"date":"2012-10-26T19:05:49","date_gmt":"2012-10-26T19:05:49","guid":{"rendered":"http:\/\/www.rincondelbulla.cl\/portal\/?p=3304"},"modified":"2012-10-26T19:05:49","modified_gmt":"2012-10-26T19:05:49","slug":"prensa-internacional-la-u-aprovecha-un-error-y-destaca-el-juego-del-portero","status":"publish","type":"post","link":"http:\/\/www.rincondelbulla.cl\/portal\/2012\/10\/26\/prensa-internacional-la-u-aprovecha-un-error-y-destaca-el-juego-del-portero\/","title":{"rendered":"Prensa Internacional:  La \u201cU\u201d aprovecha un error y destaca el juego del portero"},"content":{"rendered":"<figure id=\"attachment_4914\" aria-describedby=\"caption-attachment-4914\" style=\"width: 700px\" class=\"wp-caption alignnone\"><img loading=\"lazy\" decoding=\"async\" class=\" size-full wp-image-4914\" src=\"http:\/\/www.rincondelbulla.cl\/portal\/wp-content\/uploads\/2012\/10\/5bc809922b62b92fb0594be109b18fc9.jpg\" alt=\"Foto: EFE\" class=\"caption\" title=\"Medios internacionales destacan el juego de la Universidad de Chile\" width=\"700\" height=\"396\" srcset=\"http:\/\/www.rincondelbulla.cl\/portal\/wp-content\/uploads\/2012\/10\/5bc809922b62b92fb0594be109b18fc9.jpg 700w, http:\/\/www.rincondelbulla.cl\/portal\/wp-content\/uploads\/2012\/10\/5bc809922b62b92fb0594be109b18fc9-300x170.jpg 300w, http:\/\/www.rincondelbulla.cl\/portal\/wp-content\/uploads\/2012\/10\/5bc809922b62b92fb0594be109b18fc9-696x394.jpg 696w\" sizes=\"auto, (max-width: 700px) 100vw, 700px\" \/><figcaption id=\"caption-attachment-4914\" class=\"wp-caption-text\">Medios internacionales destacan el juego de la Universidad de Chile<\/figcaption><\/figure>\n<p><strong>Medios internacionales destacan el juego de la Universidad de Chile en octavos contra el cuadro del Emele. Los dirigidos de Sampaoli superaron por un estrecho marcador a su rival ecuatoriano. <!--more--> Escrito por:<\/strong> Felipe Inostroza<\/p>\n<p>\u201cEl campe\u00f3n ya est\u00e1 en cuartos\u201d as\u00ed destac\u00f3 el sitio oficial de la Conmebol la actuaci\u00f3n del conjunto universitario. A su vez, el sitio dio \u00e9nfasis en la brillante actuaci\u00f3n del portero Paulo Garc\u00e9s, que en muchas oportunidades salvo la porter\u00eda laica. \u201cEl arquero visitante salv\u00f3 en forma magistral su arco\u201d.<\/p>\n<p>El Universo, de Ecuador hizo hincapi\u00e9 en el error defensivo del Emelec. \u201cLos dirigidos por el argentino Jorge Sampaoli aprovecharon un error en el manejo del bal\u00f3n para lograr la anotaci\u00f3n, pese a que los azules fueron incisivos y peligrosos en los ataques\u201d.<\/p>\n<p>Por su parte, El Comercio y La Hora destacaron el juego de la \u201cU\u201d, y la baja calidad a la hora de definici\u00f3n en el conjunto local. \u201cLa velocidad con que encar\u00f3 desde el comienzo el encuentro el equipo chileno, comandado por Charles Ar\u00e1nguiz, complic\u00f3 al sistema defensivo del Emelec\u00bb, public\u00f3 El comercio. En tanto La Hora coment\u00f3 que el Emelec \u00abqued\u00f3 eliminado gracias al desacierto de sus delanteros\u201d.<\/p>\n","protected":false},"excerpt":{"rendered":"<p>Medios internacionales destacan el juego de la Universidad de Chile en octavos contra el cuadro del Emele. Los dirigidos de Sampaoli superaron por un estrecho marcador a su rival ecuatoriano.<\/p>\n","protected":false},"author":1,"featured_media":4914,"comment_status":"open","ping_status":"open","sticky":false,"template":"","format":"standard","meta":{"footnotes":""},"categories":[18],"tags":[454,123,155],"class_list":{"0":"post-3304","1":"post","2":"type-post","3":"status-publish","4":"format-standard","5":"has-post-thumbnail","7":"category-actualidad","8":"tag-actualidad","9":"tag-copa-sudamericana-2012","10":"tag-prensa-internacional"},"_links":{"self":[{"href":"http:\/\/www.rincondelbulla.cl\/portal\/wp-json\/wp\/v2\/posts\/3304","targetHints":{"allow":["GET"]}}],"collection":[{"href":"http:\/\/www.rincondelbulla.cl\/portal\/wp-json\/wp\/v2\/posts"}],"about":[{"href":"http:\/\/www.rincondelbulla.cl\/portal\/wp-json\/wp\/v2\/types\/post"}],"author":[{"embeddable":true,"href":"http:\/\/www.rincondelbulla.cl\/portal\/wp-json\/wp\/v2\/users\/1"}],"replies":[{"embeddable":true,"href":"http:\/\/www.rincondelbulla.cl\/portal\/wp-json\/wp\/v2\/comments?post=3304"}],"version-history":[{"count":0,"href":"http:\/\/www.rincondelbulla.cl\/portal\/wp-json\/wp\/v2\/posts\/3304\/revisions"}],"wp:featuredmedia":[{"embeddable":true,"href":"http:\/\/www.rincondelbulla.cl\/portal\/wp-json\/wp\/v2\/media\/4914"}],"wp:attachment":[{"href":"http:\/\/www.rincondelbulla.cl\/portal\/wp-json\/wp\/v2\/media?parent=3304"}],"wp:term":[{"taxonomy":"category","embeddable":true,"href":"http:\/\/www.rincondelbulla.cl\/portal\/wp-json\/wp\/v2\/categories?post=3304"},{"taxonomy":"post_tag","embeddable":true,"href":"http:\/\/www.rincondelbulla.cl\/portal\/wp-json\/wp\/v2\/tags?post=3304"}],"curies":[{"name":"wp","href":"https:\/\/api.w.org\/{rel}","templated":true}]}}