{"id":3305,"date":"2012-10-26T19:10:59","date_gmt":"2012-10-26T19:10:59","guid":{"rendered":"http:\/\/www.rincondelbulla.cl\/portal\/?p=3305"},"modified":"2012-10-26T19:10:59","modified_gmt":"2012-10-26T19:10:59","slug":"la-u-solo-se-enfocara-en-sao-paulo-suspendido-encuentro-frente-a-universidad-de-concepcion","status":"publish","type":"post","link":"http:\/\/www.rincondelbulla.cl\/portal\/2012\/10\/26\/la-u-solo-se-enfocara-en-sao-paulo-suspendido-encuentro-frente-a-universidad-de-concepcion\/","title":{"rendered":"La &#8216;U&#8217; s\u00f3lo se enfocar\u00e1 en Sao Paulo: Suspendido encuentro frente a Universidad de Concepci\u00f3n"},"content":{"rendered":"<figure id=\"attachment_4915\" aria-describedby=\"caption-attachment-4915\" style=\"width: 700px\" class=\"wp-caption alignnone\"><img loading=\"lazy\" decoding=\"async\" class=\" size-full wp-image-4915\" src=\"http:\/\/www.rincondelbulla.cl\/portal\/wp-content\/uploads\/2012\/10\/de00bbbabc75ca40a90c4d2a1937f062.jpg\" alt=\"Foto: Claudio C\u00e1ceres\" class=\"caption\" title=\"Suspendido encuentro frente a Universidad de Concepci\u00f3n\" width=\"700\" height=\"396\" srcset=\"http:\/\/www.rincondelbulla.cl\/portal\/wp-content\/uploads\/2012\/10\/de00bbbabc75ca40a90c4d2a1937f062.jpg 700w, http:\/\/www.rincondelbulla.cl\/portal\/wp-content\/uploads\/2012\/10\/de00bbbabc75ca40a90c4d2a1937f062-300x170.jpg 300w, http:\/\/www.rincondelbulla.cl\/portal\/wp-content\/uploads\/2012\/10\/de00bbbabc75ca40a90c4d2a1937f062-696x394.jpg 696w\" sizes=\"auto, (max-width: 700px) 100vw, 700px\" \/><figcaption id=\"caption-attachment-4915\" class=\"wp-caption-text\">Suspendido encuentro frente a Universidad de Concepci\u00f3n<\/figcaption><\/figure>\n<p><strong>Una semana dif\u00edcil se ve\u00eda en el horizonte azul tras la clasificaci\u00f3n obtenida en Guayaquil, dos partidos intensos, para suerte de los azules se confirm\u00f3 la suspensi\u00f3n del duelo por la 15\u00b0 fecha del Clausura. <!--more--> <\/strong>Luego del triunfo por la cuenta m\u00ednima frente a Emelec y el paso a cuartos de final del torne continental Universidad de Chile se preparaba para afrontar una semana exigente a nivel futbol\u00edstico. Con el paso a la siguiente llave de la Copa Sudamericana los azules deben enfrentar al poderoso cuadro brasile\u00f1o de Sao Paulo el d\u00eda mi\u00e9rcoles 31 de octubre a las 20:50 hrs en el Estadio Nacional.<\/p>\n<p>La programaci\u00f3n hecha por la Conmebol complicaba al cuadro azul, el cual el d\u00eda lunes 29 de octubre deb\u00eda enfrentar a Universidad de Concepci\u00f3n por la 15\u00b0 fecha del torneo de Clausura, sin embargo hoy se confirm\u00f3 la suspensi\u00f3n de este encuentro, por lo cual el Le\u00f3n s\u00f3lo deber\u00e1 enfocarse en obtener un resulta favorable que le permita ir con cierta tranquilidad a Brasil y disputar el paso a las semifinales de la Copa Sudamericana 2012.<\/p>\n<p>Ya lo saben amigos el mi\u00e9rcoles la \u201cU\u201d disputar\u00e1 un partido de miedo, est\u00e1n todos invitados a alentar al equipo Campe\u00f3n y seguir todos los pormenores de este trascendental duelo por www.rincondelbulla.cl, el portal oficial del hincha de la \u201cU\u201d.<\/p>\n","protected":false},"excerpt":{"rendered":"<p>Una semana dif\u00edcil se ve\u00eda en el horizonte azul tras la clasificaci\u00f3n obtenida en Guayaquil, dos partidos intensos, para suerte de los azules se confirm\u00f3 la suspensi\u00f3n del duelo por la 15\u00b0 fecha del Clausura.<\/p>\n","protected":false},"author":56,"featured_media":4915,"comment_status":"open","ping_status":"open","sticky":false,"template":"","format":"standard","meta":{"footnotes":""},"categories":[18],"tags":[454,112,123],"class_list":{"0":"post-3305","1":"post","2":"type-post","3":"status-publish","4":"format-standard","5":"has-post-thumbnail","7":"category-actualidad","8":"tag-actualidad","9":"tag-clausura-2012","10":"tag-copa-sudamericana-2012"},"_links":{"self":[{"href":"http:\/\/www.rincondelbulla.cl\/portal\/wp-json\/wp\/v2\/posts\/3305","targetHints":{"allow":["GET"]}}],"collection":[{"href":"http:\/\/www.rincondelbulla.cl\/portal\/wp-json\/wp\/v2\/posts"}],"about":[{"href":"http:\/\/www.rincondelbulla.cl\/portal\/wp-json\/wp\/v2\/types\/post"}],"author":[{"embeddable":true,"href":"http:\/\/www.rincondelbulla.cl\/portal\/wp-json\/wp\/v2\/users\/56"}],"replies":[{"embeddable":true,"href":"http:\/\/www.rincondelbulla.cl\/portal\/wp-json\/wp\/v2\/comments?post=3305"}],"version-history":[{"count":0,"href":"http:\/\/www.rincondelbulla.cl\/portal\/wp-json\/wp\/v2\/posts\/3305\/revisions"}],"wp:featuredmedia":[{"embeddable":true,"href":"http:\/\/www.rincondelbulla.cl\/portal\/wp-json\/wp\/v2\/media\/4915"}],"wp:attachment":[{"href":"http:\/\/www.rincondelbulla.cl\/portal\/wp-json\/wp\/v2\/media?parent=3305"}],"wp:term":[{"taxonomy":"category","embeddable":true,"href":"http:\/\/www.rincondelbulla.cl\/portal\/wp-json\/wp\/v2\/categories?post=3305"},{"taxonomy":"post_tag","embeddable":true,"href":"http:\/\/www.rincondelbulla.cl\/portal\/wp-json\/wp\/v2\/tags?post=3305"}],"curies":[{"name":"wp","href":"https:\/\/api.w.org\/{rel}","templated":true}]}}