{"id":3310,"date":"2012-10-31T14:58:19","date_gmt":"2012-10-31T14:58:19","guid":{"rendered":"http:\/\/www.rincondelbulla.cl\/portal\/?p=3310"},"modified":"2012-10-31T14:58:19","modified_gmt":"2012-10-31T14:58:19","slug":"una-ida-de-miedo-la-u-recibe-a-sao-paulo-por-los-cuartos-de-final-de-la-sudamericana","status":"publish","type":"post","link":"http:\/\/www.rincondelbulla.cl\/portal\/2012\/10\/31\/una-ida-de-miedo-la-u-recibe-a-sao-paulo-por-los-cuartos-de-final-de-la-sudamericana\/","title":{"rendered":"Una ida de miedo: La &#8216;U&#8217; recibe a Sao Paulo por los cuartos de final de la Sudamericana"},"content":{"rendered":"<figure id=\"attachment_4920\" aria-describedby=\"caption-attachment-4920\" style=\"width: 700px\" class=\"wp-caption alignnone\"><img loading=\"lazy\" decoding=\"async\" class=\" size-full wp-image-4920\" src=\"http:\/\/www.rincondelbulla.cl\/portal\/wp-content\/uploads\/2012\/10\/020288598d1bb28bbf127183343c8fbe.jpg\" alt=\"Foto: Claudio C\u00e1ceres\" class=\"caption\" title=\"La 'U' recibe a Sao Paulo por los cuartos de final de la Sudamericana\" width=\"700\" height=\"396\" srcset=\"http:\/\/www.rincondelbulla.cl\/portal\/wp-content\/uploads\/2012\/10\/020288598d1bb28bbf127183343c8fbe.jpg 700w, http:\/\/www.rincondelbulla.cl\/portal\/wp-content\/uploads\/2012\/10\/020288598d1bb28bbf127183343c8fbe-300x170.jpg 300w, http:\/\/www.rincondelbulla.cl\/portal\/wp-content\/uploads\/2012\/10\/020288598d1bb28bbf127183343c8fbe-696x394.jpg 696w\" sizes=\"auto, (max-width: 700px) 100vw, 700px\" \/><figcaption id=\"caption-attachment-4920\" class=\"wp-caption-text\">La &#8216;U&#8217; recibe a Sao Paulo por los cuartos de final de la Sudamericana<\/figcaption><\/figure>\n<p><strong>En pleno Halloween los leones de Sampaoli quieren hacerle pasar un susto al cuadro brasile\u00f1o que viene prendido tras golear el fin de semana, pero que llega a Santiago sin Luis Fabiano por lesi\u00f3n. Los detalles a continuaci\u00f3n, por<em> Rinc\u00f3n del Bulla<\/em>.<\/strong><\/p>\n<p>  <!--more-->  <\/p>\n<p style=\"text-align: justify;\">La clasificaci\u00f3n a cuartos de final de la presente edici\u00f3n de la Bridgestone Sudamericana fue complicada para el cuadro universitario. El juego que propuso Emelec complic\u00f3 de sobremanera a una Universidad de Chile que a\u00fan no muestra la contundencia de anta\u00f1o, especialmente en lo que a definici\u00f3n se refiere. El solitario gol de Guti\u00e9rrez fue el respiro que se necesitaba en tan complicada situaci\u00f3n, pero sin dudas hay mucho por mejorar y esta llave promete ser a\u00fan m\u00e1s complicada que la anterior.<\/p>\n<p style=\"text-align: justify;\">El cuadro del legendario Rogerio Ceni viene a disputar el encuentro fijado para este mi\u00e9rcoles a las 20:50 luego de eliminar a la Liga de Loja en una llave sumamente apretada, que termin\u00f3 empatada en un tanto en la ida e igualada sin goles en el partido de vuelta en Brasil, permitiendo que el actual rival de la U avanzara por el tanto de visita. El propio Jorge Sampaoli reconoci\u00f3 la dificultad del contrincante de turno, asegurando que se trata del m\u00e1s complicado en la actual edici\u00f3n de la Copa. Lo cierto es que las estad\u00edsticas del Tricolor son, a lo menos, dignas de tener en cuenta: a\u00fan no pierden en el certamen, ganando dos encuentros y empatando igual cantidad.<\/p>\n<p style=\"text-align: justify;\">Para hoy Universidad de Chile prepara un esquema que se acomoda al rival, buscando opciones de jugadores que permitan no s\u00f3lo atacar, sino que adem\u00e1s colaborar en la recuperaci\u00f3n del bal\u00f3n, ya que como bien es sabido, un cuadro brasile\u00f1o con posesi\u00f3n es excesivamente peligroso. De esta manera, <strong>Herrera volver\u00eda a la titularidad tras la excelente actuaci\u00f3n de Garc\u00e9s en el \u00faltimo partido;Osvaldo Gonz\u00e1lez, Albert Acevedo y el capit\u00e1n Jos\u00e9 Rojas ser\u00e1n los encargados de conformar la l\u00ednea defensiva; el mediocampo estar\u00e1 compuesto por Charles Ar\u00e1nguiz, Sebasti\u00e1n Mart\u00ednez, Eugenio Mena y Gustavo Lorenzetti algo m\u00e1s adelantado para hacer las veces de creador; mientras que Sebasti\u00e1n Ubilla, Enzo Guti\u00e9rrez y Roberto Cereceda ser\u00e1n el tridente de ataque.<\/strong><\/p>\n<p style=\"text-align: justify;\">Por su parte el cuadro dirigido por Ney Franco formar\u00eda con el especialista en tiros libres Rogerio Ceni; Douglas, Toloi y Rhodolfo en la defensa; Denilson, Wellington, Maicon y Cortez en la mitad del campo de juego; Lucas, Osvaldo y Ademilson buscando el gol.<\/p>\n<p style=\"text-align: justify;\"><strong>El Rom\u00e1ntico Viajero ha demostrado que no le tiene miedo a nada ni a nadie, y por lo mismo a las 20:50 quiere sacar su mejor traje para esta noche espantar al complicado Tricolor en los pastos del Nacional y hacer que hasta los vampiros celebren una alegr\u00eda. El minuto a minuto lo tendr\u00e1s como siempre por el <em>Rinc\u00f3n de Bulla<\/em>.<\/strong><\/p>\n","protected":false},"excerpt":{"rendered":"<p>En pleno Halloween los leones de Sampaoli quieren hacerle pasar un susto al cuadro brasile\u00f1o que viene prendido tras golear el fin de semana, pero que llega a Santiago sin Luis Fabiano por lesi\u00f3n. Los detalles a continuaci\u00f3n, por Rinc\u00f3n del Bulla.<\/p>\n","protected":false},"author":54,"featured_media":4920,"comment_status":"open","ping_status":"open","sticky":false,"template":"","format":"standard","meta":{"footnotes":""},"categories":[18],"tags":[454,123,37],"class_list":{"0":"post-3310","1":"post","2":"type-post","3":"status-publish","4":"format-standard","5":"has-post-thumbnail","7":"category-actualidad","8":"tag-actualidad","9":"tag-copa-sudamericana-2012","10":"tag-la-previa"},"_links":{"self":[{"href":"http:\/\/www.rincondelbulla.cl\/portal\/wp-json\/wp\/v2\/posts\/3310","targetHints":{"allow":["GET"]}}],"collection":[{"href":"http:\/\/www.rincondelbulla.cl\/portal\/wp-json\/wp\/v2\/posts"}],"about":[{"href":"http:\/\/www.rincondelbulla.cl\/portal\/wp-json\/wp\/v2\/types\/post"}],"author":[{"embeddable":true,"href":"http:\/\/www.rincondelbulla.cl\/portal\/wp-json\/wp\/v2\/users\/54"}],"replies":[{"embeddable":true,"href":"http:\/\/www.rincondelbulla.cl\/portal\/wp-json\/wp\/v2\/comments?post=3310"}],"version-history":[{"count":0,"href":"http:\/\/www.rincondelbulla.cl\/portal\/wp-json\/wp\/v2\/posts\/3310\/revisions"}],"wp:featuredmedia":[{"embeddable":true,"href":"http:\/\/www.rincondelbulla.cl\/portal\/wp-json\/wp\/v2\/media\/4920"}],"wp:attachment":[{"href":"http:\/\/www.rincondelbulla.cl\/portal\/wp-json\/wp\/v2\/media?parent=3310"}],"wp:term":[{"taxonomy":"category","embeddable":true,"href":"http:\/\/www.rincondelbulla.cl\/portal\/wp-json\/wp\/v2\/categories?post=3310"},{"taxonomy":"post_tag","embeddable":true,"href":"http:\/\/www.rincondelbulla.cl\/portal\/wp-json\/wp\/v2\/tags?post=3310"}],"curies":[{"name":"wp","href":"https:\/\/api.w.org\/{rel}","templated":true}]}}