{"id":3313,"date":"2012-11-04T12:36:10","date_gmt":"2012-11-04T12:36:10","guid":{"rendered":"http:\/\/www.rincondelbulla.cl\/portal\/?p=3313"},"modified":"2012-11-04T12:36:10","modified_gmt":"2012-11-04T12:36:10","slug":"universidad-de-chile-recibe-con-equipo-alternativo-a-u-catolica-en-el-nacional","status":"publish","type":"post","link":"http:\/\/www.rincondelbulla.cl\/portal\/2012\/11\/04\/universidad-de-chile-recibe-con-equipo-alternativo-a-u-catolica-en-el-nacional\/","title":{"rendered":"Universidad de chile recibe con equipo alternativo a U. Cat\u00f3lica en el Nacional"},"content":{"rendered":"<figure id=\"attachment_4923\" aria-describedby=\"caption-attachment-4923\" style=\"width: 700px\" class=\"wp-caption alignnone\"><img loading=\"lazy\" decoding=\"async\" class=\" size-full wp-image-4923\" src=\"http:\/\/www.rincondelbulla.cl\/portal\/wp-content\/uploads\/2012\/11\/a97842d1611fcad5705a952b9c2c79ba.jpg\" alt=\"Foto: Claudio C\u00e1ceres\" class=\"caption\" title=\"Azules y cruzados protagonizan la versi\u00f3n 175 del cl\u00e1sico estudiantil\" width=\"700\" height=\"396\" srcset=\"http:\/\/www.rincondelbulla.cl\/portal\/wp-content\/uploads\/2012\/11\/a97842d1611fcad5705a952b9c2c79ba.jpg 700w, http:\/\/www.rincondelbulla.cl\/portal\/wp-content\/uploads\/2012\/11\/a97842d1611fcad5705a952b9c2c79ba-300x170.jpg 300w, http:\/\/www.rincondelbulla.cl\/portal\/wp-content\/uploads\/2012\/11\/a97842d1611fcad5705a952b9c2c79ba-696x394.jpg 696w\" sizes=\"auto, (max-width: 700px) 100vw, 700px\" \/><figcaption id=\"caption-attachment-4923\" class=\"wp-caption-text\">Azules y cruzados protagonizan la versi\u00f3n 175 del cl\u00e1sico estudiantil<\/figcaption><\/figure>\n<p><strong>Azules y cruzados protagonizan la versi\u00f3n 175 del cl\u00e1sico estudiantil. <!--more--> <\/strong>Universidad de Chile y Universidad Cat\u00f3lica protagonizar\u00e1n este domingo, desde las 16:00 horas (19:00 GMT), en el Estadio Nacional, el partido estelar de la d\u00e9cimo sexta jornada del Torneo de Clausura.<\/p>\n<p>Los azules -quintos en la clasificaci\u00f3n con 26 puntos- llegan a la versi\u00f3n 175 del cl\u00e1sico universitario antecedidos por una dura derrota ante Sao Paulo por la Copa Sudamericana y con un duelo pendiente ante U. de Concepci\u00f3n.<\/p>\n<p>Adem\u00e1s, en la previa del derbi, el t\u00e9cnico Jorge Sampaoli encendi\u00f3 los \u00e1nimos al asegurar que ante la UC utilizar\u00eda \u00abequipo alternativo&#8230; Si jug\u00e1ramos contra Colo Colo, ir\u00eda con titulares\u00bb.<\/p>\n<p>No obstante, el adiestrador recul\u00f3 sobre sus dichos asegurando que \u201cCat\u00f3lica es un equipo grande, al que respeto. Se tomaron mis dichos para menospreciar al rival y aprovechar de generar una pol\u00e9mica, pero yo no ningune\u00f3 a nadie\u00bb.<\/p>\n<p>En el plano futbol\u00edstico, lo concreto es que el oriundo de Casilda no contar\u00e1 con cinco titulares: Johnny Herrera, Eugenio Mena (ambos por suspensi\u00f3n) Jos\u00e9 Rojas, Charles Ar\u00e1nguiz (por precauci\u00f3n) y Enzo Guti\u00e9rrez (se le dio descanso).<\/p>\n<p>De esta forma, los laicos formar\u00edan con <strong>Paulo Garc\u00e9s; Albert Acevedo, Osvaldo Gonz\u00e1lez, Paulo Magalhaes; Mat\u00edas Rodr\u00edguez, Sebasti\u00e1n Mart\u00ednez, Guillermo Marino, Roberto Cereceda; Gustavo Lorenzetti, Juan Ignacio Duma y Sebasti\u00e1n Ubilla.<\/strong><\/p>\n<p>Por su parte, Universidad Cat\u00f3lica alinear\u00eda con Cristopher Toselli; Claudio Sep\u00falveda, Hans Mart\u00ednez, Enzo And\u00eda, Alfonso Parot; Tom\u00e1s Costa, Francisco Silva; Michael R\u00edos, Fernando Cordero, Nicol\u00e1s Castillo y Alvaro Ramos.&nbsp;&nbsp;&nbsp;<\/p>\n","protected":false},"excerpt":{"rendered":"<p>Azules y cruzados protagonizan la versi\u00f3n 175 del cl\u00e1sico estudiantil.<\/p>\n","protected":false},"author":1,"featured_media":4923,"comment_status":"open","ping_status":"open","sticky":false,"template":"","format":"standard","meta":{"footnotes":""},"categories":[18],"tags":[454,71,112,37],"class_list":{"0":"post-3313","1":"post","2":"type-post","3":"status-publish","4":"format-standard","5":"has-post-thumbnail","7":"category-actualidad","8":"tag-actualidad","9":"tag-clasico-universitario","10":"tag-clausura-2012","11":"tag-la-previa"},"_links":{"self":[{"href":"http:\/\/www.rincondelbulla.cl\/portal\/wp-json\/wp\/v2\/posts\/3313","targetHints":{"allow":["GET"]}}],"collection":[{"href":"http:\/\/www.rincondelbulla.cl\/portal\/wp-json\/wp\/v2\/posts"}],"about":[{"href":"http:\/\/www.rincondelbulla.cl\/portal\/wp-json\/wp\/v2\/types\/post"}],"author":[{"embeddable":true,"href":"http:\/\/www.rincondelbulla.cl\/portal\/wp-json\/wp\/v2\/users\/1"}],"replies":[{"embeddable":true,"href":"http:\/\/www.rincondelbulla.cl\/portal\/wp-json\/wp\/v2\/comments?post=3313"}],"version-history":[{"count":0,"href":"http:\/\/www.rincondelbulla.cl\/portal\/wp-json\/wp\/v2\/posts\/3313\/revisions"}],"wp:featuredmedia":[{"embeddable":true,"href":"http:\/\/www.rincondelbulla.cl\/portal\/wp-json\/wp\/v2\/media\/4923"}],"wp:attachment":[{"href":"http:\/\/www.rincondelbulla.cl\/portal\/wp-json\/wp\/v2\/media?parent=3313"}],"wp:term":[{"taxonomy":"category","embeddable":true,"href":"http:\/\/www.rincondelbulla.cl\/portal\/wp-json\/wp\/v2\/categories?post=3313"},{"taxonomy":"post_tag","embeddable":true,"href":"http:\/\/www.rincondelbulla.cl\/portal\/wp-json\/wp\/v2\/tags?post=3313"}],"curies":[{"name":"wp","href":"https:\/\/api.w.org\/{rel}","templated":true}]}}