{"id":3314,"date":"2012-11-04T16:04:43","date_gmt":"2012-11-04T16:04:43","guid":{"rendered":"http:\/\/www.rincondelbulla.cl\/portal\/?p=3314"},"modified":"2012-11-04T16:04:43","modified_gmt":"2012-11-04T16:04:43","slug":"la-u-dejara-partir-a-rojas-y-lorenzetti","status":"publish","type":"post","link":"http:\/\/www.rincondelbulla.cl\/portal\/2012\/11\/04\/la-u-dejara-partir-a-rojas-y-lorenzetti\/","title":{"rendered":"La \u00abU\u00bb dejar\u00e1 partir a Rojas y Lorenzetti"},"content":{"rendered":"<figure id=\"attachment_4924\" aria-describedby=\"caption-attachment-4924\" style=\"width: 900px\" class=\"wp-caption alignnone\"><img loading=\"lazy\" decoding=\"async\" class=\" size-full wp-image-4924\" src=\"http:\/\/www.rincondelbulla.cl\/portal\/wp-content\/uploads\/2012\/11\/028cbca2024471bb6fb5bf3ce31268e0.jpg\" alt=\"Foto: Patricio Gonz\u00e1les\" class=\"caption\" title=\"Ya casi es un hecho sus partidas\" width=\"900\" height=\"591\" srcset=\"http:\/\/www.rincondelbulla.cl\/portal\/wp-content\/uploads\/2012\/11\/028cbca2024471bb6fb5bf3ce31268e0.jpg 900w, http:\/\/www.rincondelbulla.cl\/portal\/wp-content\/uploads\/2012\/11\/028cbca2024471bb6fb5bf3ce31268e0-300x197.jpg 300w, http:\/\/www.rincondelbulla.cl\/portal\/wp-content\/uploads\/2012\/11\/028cbca2024471bb6fb5bf3ce31268e0-768x504.jpg 768w, http:\/\/www.rincondelbulla.cl\/portal\/wp-content\/uploads\/2012\/11\/028cbca2024471bb6fb5bf3ce31268e0-696x457.jpg 696w, http:\/\/www.rincondelbulla.cl\/portal\/wp-content\/uploads\/2012\/11\/028cbca2024471bb6fb5bf3ce31268e0-741x486.jpg 741w, http:\/\/www.rincondelbulla.cl\/portal\/wp-content\/uploads\/2012\/11\/028cbca2024471bb6fb5bf3ce31268e0-640x420.jpg 640w\" sizes=\"auto, (max-width: 900px) 100vw, 900px\" \/><figcaption id=\"caption-attachment-4924\" class=\"wp-caption-text\">Ya casi es un hecho sus partidas<\/figcaption><\/figure>\n<p><strong>Azul Azul defini\u00f3 lo que pasar\u00e1 con algunas de sus figuras ante las ofertas que saben llegar\u00e1n a finales de a\u00f1o.<\/strong><\/p>\n<p>  <!--more-->  <\/p>\n<p>Hasta ahora no hay ninguna oferta concreta por alg\u00fan jugador de Universidad de Chile en las oficinas de Azul Azul. Sin embargo, <strong>en la concesionaria saben que antes de finalizar el a\u00f1o tendr\u00e1n arriba de sus escritorios propuestas concretas por varias de sus figuras<\/strong> y para las cuales ya definieron c\u00f3mo operar en cada uno de sus casos.<\/p>\n<p>&nbsp;<\/p>\n<p>En este escenario, en el club adelantan que saben que por Jos\u00e9 Rojas llegar\u00e1 m\u00e1s de una oferta y en caso de cumplir con la cl\u00e1usula de salida de su contrato (US$ 1,2 mill\u00f3n) se le dejar\u00e1 partir, luego de dos intentos fallidos (Botafogo y Corinthians), pensando en que asegure su futuro y en que es un hombre de la casa.<\/p>\n<p>La medida se defini\u00f3 luego de los inconvenientes que vivi\u00f3 el capit\u00e1n azul con su frustrado traspaso al \u201cTimao\u201d, cuadro que ofert\u00f3 US$ 1,3 mill\u00f3n limpio para los azules y un sueldo de $ 30 millones para el jugador, lo que en aquel momento se rechaz\u00f3 por considerar \u201cmuy baja la oferta\u201d.<\/p>\n<p><strong>\u201cEsta vez, si se cumple con su cl\u00e1usula y la oferta implica un sueldo inalcanzable para la \u2018U\u2019, no habr\u00e1 trabas para que pueda partir y asegurar su futuro. Eso est\u00e1 definido por tratarse de un hombre de la casa\u201d<\/strong>, adelantan en el club.<\/p>\n<p><strong>Asimismo, otro al que le abrir\u00e1n las puertas en la \u201cU\u201d para que pueda ir al extranjero es Gustavo Lorenzetti.<\/strong> Con el volante argentino ya se convers\u00f3 el tema y se le prometi\u00f3 que si llega un ofrecimiento interesante, no habr\u00e1 trabas para su partida, amparados en que el rosarino tiene una cl\u00e1usula de salida que puede comenzar a hacer efectiva desde 2013.<\/p>\n<p>Ya Cruzeiro hab\u00eda ofrecido US$ 3,5 millones por su carta, pero el n\u00famero de cuotas en los pagos trunc\u00f3 el traspaso. La \u201cU\u201d es propietaria del 60% de su carta, mientras que la Universidad de Concepci\u00f3n y el jugador poseen el 26% y el 14%, respectivamente.<\/p>\n<p><strong>En su caso, tambi\u00e9n definieron que le dar\u00e1n la chance de partir, como adelantan en el cuadro estudiantil.<\/strong><\/p>\n<p><strong>Otra circunstancia que definieron en estos d\u00edas fue la continuidad o no de Waldo Ponce.<\/strong> El central se recupera de una operaci\u00f3n al tend\u00f3n del pie derecho y estar\u00e1 de vuelta en las canchas a fines de febrero. Su pr\u00e9stamos desde Cruz Azul vence en diciembre y su permanencia se dar\u00e1 s\u00f3lo si los mexicanos aceptan prestarlo sin costo a la \u201cU\u201d, tal como ocurri\u00f3 este semestre.<\/p>\n<p><strong>Los asegurados<\/strong><\/p>\n<p>Igualmente, Azul Azul tienen como prioridad resguardar a otras figuras clave, pensando en tener un plantel competitivo para la pr\u00f3xima Copa Libertadores.<\/p>\n<p>En este escenario, blindaron a Eugenio Mena y Charles Ar\u00e1nguiz, con quienes hay un acuerdo para que permanezcan, al menos, el primer semestre de 2013 para que jueguen el torneo de clubes.<\/p>\n<p>As\u00ed, se estipul\u00f3 que reci\u00e9n luego de ese torneo puedan emigrar al exterior. Lo anterior, luego de que Azul Azul les entregara a ambos importantes bonos compensatorios y aumentos de sueldos, para que no abandonen la \u201cU\u201d a fines de este a\u00f1o, compromiso que suscribieron los involucrados.<\/p>\n<p>&nbsp;<\/p>\n<p><b>Fuente: La Tercera<\/b><\/p>\n","protected":false},"excerpt":{"rendered":"<p>Azul Azul defini\u00f3 lo que pasar\u00e1 con algunas de sus figuras ante las ofertas que saben llegar\u00e1n a finales de a\u00f1o.<\/p>\n","protected":false},"author":56,"featured_media":4924,"comment_status":"open","ping_status":"open","sticky":false,"template":"","format":"standard","meta":{"footnotes":""},"categories":[18],"tags":[],"class_list":{"0":"post-3314","1":"post","2":"type-post","3":"status-publish","4":"format-standard","5":"has-post-thumbnail","7":"category-actualidad"},"_links":{"self":[{"href":"http:\/\/www.rincondelbulla.cl\/portal\/wp-json\/wp\/v2\/posts\/3314","targetHints":{"allow":["GET"]}}],"collection":[{"href":"http:\/\/www.rincondelbulla.cl\/portal\/wp-json\/wp\/v2\/posts"}],"about":[{"href":"http:\/\/www.rincondelbulla.cl\/portal\/wp-json\/wp\/v2\/types\/post"}],"author":[{"embeddable":true,"href":"http:\/\/www.rincondelbulla.cl\/portal\/wp-json\/wp\/v2\/users\/56"}],"replies":[{"embeddable":true,"href":"http:\/\/www.rincondelbulla.cl\/portal\/wp-json\/wp\/v2\/comments?post=3314"}],"version-history":[{"count":0,"href":"http:\/\/www.rincondelbulla.cl\/portal\/wp-json\/wp\/v2\/posts\/3314\/revisions"}],"wp:featuredmedia":[{"embeddable":true,"href":"http:\/\/www.rincondelbulla.cl\/portal\/wp-json\/wp\/v2\/media\/4924"}],"wp:attachment":[{"href":"http:\/\/www.rincondelbulla.cl\/portal\/wp-json\/wp\/v2\/media?parent=3314"}],"wp:term":[{"taxonomy":"category","embeddable":true,"href":"http:\/\/www.rincondelbulla.cl\/portal\/wp-json\/wp\/v2\/categories?post=3314"},{"taxonomy":"post_tag","embeddable":true,"href":"http:\/\/www.rincondelbulla.cl\/portal\/wp-json\/wp\/v2\/tags?post=3314"}],"curies":[{"name":"wp","href":"https:\/\/api.w.org\/{rel}","templated":true}]}}