{"id":3319,"date":"2012-11-05T21:11:40","date_gmt":"2012-11-05T21:11:40","guid":{"rendered":"http:\/\/www.rincondelbulla.cl\/portal\/?p=3319"},"modified":"2012-11-05T21:11:40","modified_gmt":"2012-11-05T21:11:40","slug":"banderines-que-se-caen-penales-no-cobrados-todo-calza-corrupcion-en-el-arbitraje-chileno","status":"publish","type":"post","link":"http:\/\/www.rincondelbulla.cl\/portal\/2012\/11\/05\/banderines-que-se-caen-penales-no-cobrados-todo-calza-corrupcion-en-el-arbitraje-chileno\/","title":{"rendered":"Banderines que se caen, penales no cobrados, \u00bfTodo calza?: Corrupci\u00f3n en el arbitraje chileno"},"content":{"rendered":"<p><img loading=\"lazy\" decoding=\"async\" class=\" size-full wp-image-4929\" src=\"http:\/\/www.rincondelbulla.cl\/portal\/wp-content\/uploads\/2012\/11\/7fde9e2fe21bec5e9791d688e1ee6839.jpg\" alt=\"\" width=\"700\" height=\"396\" srcset=\"http:\/\/www.rincondelbulla.cl\/portal\/wp-content\/uploads\/2012\/11\/7fde9e2fe21bec5e9791d688e1ee6839.jpg 700w, http:\/\/www.rincondelbulla.cl\/portal\/wp-content\/uploads\/2012\/11\/7fde9e2fe21bec5e9791d688e1ee6839-300x170.jpg 300w, http:\/\/www.rincondelbulla.cl\/portal\/wp-content\/uploads\/2012\/11\/7fde9e2fe21bec5e9791d688e1ee6839-696x394.jpg 696w\" sizes=\"auto, (max-width: 700px) 100vw, 700px\" \/><\/p>\n<p><strong>Banderines que se caen, penales no cobrados, \u00bfTodo calza?: Corrupci\u00f3n en el arbitraje chileno<\/strong><br \/><strong>Jueces de l\u00ednea que fueron desafectados de sus funciones a mediados de la semana pasado pusieron en el ojo del hurac\u00e1n al arbitraje chileno, denunciado actos de corrupci\u00f3n al interior de \u00e9ste. <!--more--> <\/strong>Para nadie es un misterio que el arbitraje nacional vive una crisis, penales no cobrados, designaciones que nadie entiende, el r\u00e9feri mejor evaluado en Chile en tela del juicio (Enrique Osses) y Patricio Polic que tuvo un p\u00e9simo desempe\u00f1o en el \u00faltimo cl\u00e1sico entre Universidad de Chile y Colo Colo.<\/p>\n<p>Era un despido m\u00e1s, necesidad de la empresa argumentaban algunos, no se\u00f1ores, <strong>los \u00e1rbitros asistentes Juan Donaire, Cristian Ram\u00edrez y Sergio Erices fueron cesados de sus funciones por otras razones, eran una piedra en el zapato para la comisi\u00f3n arbitral chilena<\/strong> que encabeza el se\u00f1or Gast\u00f3n Castro desde la ANFP, que seg\u00fan los despedidos, esconde muchas irregularidades en su administraci\u00f3n.<\/p>\n<p>En declaraciones ofrecidas al programa \u201cLa Noche del Futbol\u201d trasmitido por TVN, los tres asistentes desafectados de sus funciones dieron a conocer detalles hasta ahora in\u00e9ditos sobre el comportamiento y administraci\u00f3n de la comisi\u00f3n de arbitraje chileno, <strong>\u201cEn el arbitraje, todos sabemos que existe \u2018El club del p\u00f3quer\u2019. Que la gente iba a jugar p\u00f3quer al departamento de Mario S\u00e1nchez, y que ah\u00ed se resolv\u00edan las designaciones y se ve\u00eda qui\u00e9nes iban a qu\u00e9 partidos y qui\u00e9nes a otros. De ese grupo, la mayor\u00eda est\u00e1 en Primera Divisi\u00f3n\u201d<\/strong>, revel\u00f3 Erices.<\/p>\n<p>Juan Donaire agreg\u00f3 otros elementos <strong>\u201chay muchas situaciones irregulares. Los \u00e1rbitros que est\u00e1n dentro lo saben y nadie va a hablar. Nosotros no tenemos padrinos dentro del arbitraje. Me gustar\u00eda decirle al se\u00f1or Sergio Jadue que pida informe respecto de nuestros despidos con las notas de cancha. No tengo malas notas. Tengo un 9,4 sobre 10 puntos\u201d.<\/strong><\/p>\n<p>En tanto Cristian Ram\u00edrez se\u00f1al\u00f3<strong> \u201cen una oportunidad, (Castro) me llam\u00f3 para que le entregara fuentes de informaci\u00f3n respecto de qui\u00e9nes estaban comentando situaciones del arbitraje a trav\u00e9s de internet\u201d<\/strong>.<br \/>En otras declaraciones Sergio Erices comenta que \u00abMario S\u00e1nchez (ex arbitro internacional y actual formador de r\u00e9feris designado por la FIFA) me ped\u00eda que le llevara viagra a su departamento\u00bb.<\/p>\n<p>Ya en una oportunidad Erices hab\u00eda declarado a otros medios de comunicaci\u00f3n situaciones irregulares que a su juicio buscaban perjudicarlo <strong>\u00abdenunci\u00e9 primero a Mario S\u00e1nchez por acoso laboral (en una ocasi\u00f3n), despu\u00e9s denunci\u00e9 a principios de a\u00f1o a un inspector que me calificaba con un informe, por dichos poco \u00e9ticos en el camar\u00edn en contra de un compa\u00f1ero de profesi\u00f3n\u201d.<\/strong><\/p>\n<p>En tanto el mencionado Mario S\u00e1nchez se defiende<strong> \u00abDesde hace 30 a\u00f1os que estoy en esto y esos rumores se han escuchado siempre. Pero nunca ha habido nada fundado\u201d, se\u00f1ala el ex mundialista de Francia 98.<\/strong><\/p>\n<p>Especulaciones m\u00e1s, especulaciones menos, <strong>lo cierto es que al interior de la comisi\u00f3n de \u00e1rbitros chilenos algo huele mal<\/strong> y ser\u00e1n los organismo competentes quienes deber\u00e1n llevar a cabo una profundo investigaci\u00f3n para comprobar si estos hechos son reales o no, lo que si es cierto es que el arbitraje chile pasa por una crisis muy profunda.<\/p>\n<p>Qui\u00e9n sabe si esta supuesta red de corrupci\u00f3n ha ido en ayuda de algunos equipos y en desmedro de otros\u2026 <strong>penales m\u00e1s penales menos, banderines en el suelo, son s\u00f3lo detalles de algo que podr\u00eda esconder muchos enredos y podr\u00eda cortar varias cabezas.<\/strong><\/p>\n","protected":false},"excerpt":{"rendered":"<p>Banderines que se caen, penales no cobrados, \u00bfTodo calza?: Corrupci\u00f3n en el arbitraje chilenoJueces de l\u00ednea que fueron desafectados de sus funciones a mediados de la semana pasado pusieron en el ojo del hurac\u00e1n al arbitraje chileno, denunciado actos de corrupci\u00f3n al interior de \u00e9ste.<\/p>\n","protected":false},"author":56,"featured_media":4929,"comment_status":"open","ping_status":"open","sticky":false,"template":"","format":"standard","meta":{"footnotes":""},"categories":[18],"tags":[],"class_list":{"0":"post-3319","1":"post","2":"type-post","3":"status-publish","4":"format-standard","5":"has-post-thumbnail","7":"category-actualidad"},"_links":{"self":[{"href":"http:\/\/www.rincondelbulla.cl\/portal\/wp-json\/wp\/v2\/posts\/3319","targetHints":{"allow":["GET"]}}],"collection":[{"href":"http:\/\/www.rincondelbulla.cl\/portal\/wp-json\/wp\/v2\/posts"}],"about":[{"href":"http:\/\/www.rincondelbulla.cl\/portal\/wp-json\/wp\/v2\/types\/post"}],"author":[{"embeddable":true,"href":"http:\/\/www.rincondelbulla.cl\/portal\/wp-json\/wp\/v2\/users\/56"}],"replies":[{"embeddable":true,"href":"http:\/\/www.rincondelbulla.cl\/portal\/wp-json\/wp\/v2\/comments?post=3319"}],"version-history":[{"count":0,"href":"http:\/\/www.rincondelbulla.cl\/portal\/wp-json\/wp\/v2\/posts\/3319\/revisions"}],"wp:featuredmedia":[{"embeddable":true,"href":"http:\/\/www.rincondelbulla.cl\/portal\/wp-json\/wp\/v2\/media\/4929"}],"wp:attachment":[{"href":"http:\/\/www.rincondelbulla.cl\/portal\/wp-json\/wp\/v2\/media?parent=3319"}],"wp:term":[{"taxonomy":"category","embeddable":true,"href":"http:\/\/www.rincondelbulla.cl\/portal\/wp-json\/wp\/v2\/categories?post=3319"},{"taxonomy":"post_tag","embeddable":true,"href":"http:\/\/www.rincondelbulla.cl\/portal\/wp-json\/wp\/v2\/tags?post=3319"}],"curies":[{"name":"wp","href":"https:\/\/api.w.org\/{rel}","templated":true}]}}