{"id":3320,"date":"2012-11-06T11:47:31","date_gmt":"2012-11-06T11:47:31","guid":{"rendered":"http:\/\/www.rincondelbulla.cl\/portal\/?p=3320"},"modified":"2012-11-06T11:47:31","modified_gmt":"2012-11-06T11:47:31","slug":"se-va-el-profe-todo-queda-en-manos-de-la-dirigencia","status":"publish","type":"post","link":"http:\/\/www.rincondelbulla.cl\/portal\/2012\/11\/06\/se-va-el-profe-todo-queda-en-manos-de-la-dirigencia\/","title":{"rendered":"\u00bf Se va el profe?: Todo queda en manos de la dirigencia."},"content":{"rendered":"<p><img loading=\"lazy\" decoding=\"async\" class=\" size-full wp-image-4930\" src=\"http:\/\/www.rincondelbulla.cl\/portal\/wp-content\/uploads\/2012\/11\/e44a30a686fbfbc9254ee287d0e26f4d.jpg\" alt=\"\" width=\"700\" height=\"396\" srcset=\"http:\/\/www.rincondelbulla.cl\/portal\/wp-content\/uploads\/2012\/11\/e44a30a686fbfbc9254ee287d0e26f4d.jpg 700w, http:\/\/www.rincondelbulla.cl\/portal\/wp-content\/uploads\/2012\/11\/e44a30a686fbfbc9254ee287d0e26f4d-300x170.jpg 300w, http:\/\/www.rincondelbulla.cl\/portal\/wp-content\/uploads\/2012\/11\/e44a30a686fbfbc9254ee287d0e26f4d-696x394.jpg 696w\" sizes=\"auto, (max-width: 700px) 100vw, 700px\" \/><\/p>\n<p><strong>Quien sea uno de los mejores Directores T\u00e9cnicos que ha pasado por Chile habl\u00f3 sobre su futuro en Universidad de Chile, dej\u00f3 en manos de la dirigencia su continuidad en el club, todo depende del equipo que arme Azul Azul de cara a la Copa Libertadores 2013.<\/strong><\/p>\n<p>  <!--more-->  <\/p>\n<p>Siguen inquietas las aguas en Universidad de Chile, de la falta de contundencia, de la dif\u00edcil (pero no imposible) misi\u00f3n de remontar un dos a cero en contra en Pacaemb\u00fa, ahora se suma la posible partida del \u201cProfe\u201d Jorge Sampaoli de la banca azul. En una entrevista concedida a la cadena televisiva uruguaya Gol TV el estratega m\u00e1s exitoso en la historia del Le\u00f3n se refiri\u00f3 a su continuidad como Director T\u00e9cnico del multicampe\u00f3n 2011<strong> \u00abA fin de a\u00f1o tendremos reuniones y veremos el camino a seguir. Veremos lo que es m\u00e1s conveniente para la U. Si nos fue tan bien el a\u00f1o pasado, hay que sincerarnos y ver si somos compatibles en el futuro. Tenemos que tener la misma idea para continuar o si no, es mejor no continuar con el proceso\u00bb<\/strong>, indic\u00f3.<\/p>\n<p>&nbsp;<\/p>\n<p>Y fue enf\u00e1tico al se\u00f1alar<strong> \u201c Si no, obviamente lo mejor es no continuar con este proceso\u201d.<\/strong><\/p>\n<p>Para Sampaoli el gran desaf\u00edo de Universidad de Chile es ganar la Copa Libertadores 2013, (misma meta que anhela la mayor\u00eda del pueblo azul)<strong> \u00abLa idea es tener una U tremendamente competitiva. La idea es ganar la Copa Libertadores y competir con los equipos que se preparan para eso\u00bb<\/strong>, se\u00f1al\u00f3 el estratega.<\/p>\n<p>Por el bien del Club y su gente, es de esperar <strong>que la dirigencia tome en cuenta estas declaraciones<\/strong>, que no se tome como una medida de presi\u00f3n, sino como un incentivo para que los mandamases del club tomen como propio el sue\u00f1o de miles de hinchas azules.<\/p>\n<p><strong>Para esto se necesita invertir en jugadores de categor\u00eda, que tengan las condiciones t\u00e9cnicas para sobrellevar una carga exigente en su estado f\u00edsico, h\u00e1biles y que sientan que jugar por la U es jugar por la gente<\/strong> que semana a semana acompa\u00f1an al equipo de sus amores en donde quiera que el Le\u00f3n juegue.<\/p>\n<p><strong>\u00bf Y ustedes camaradas, qu\u00e9 opinan?<\/strong><\/p>\n","protected":false},"excerpt":{"rendered":"<p>Quien sea uno de los mejores Directores T\u00e9cnicos que ha pasado por Chile habl\u00f3 sobre su futuro en Universidad de Chile, dej\u00f3 en manos de la dirigencia su continuidad en el club, todo depende del equipo que arme Azul Azul de cara a la Copa Libertadores 2013.<\/p>\n","protected":false},"author":56,"featured_media":4930,"comment_status":"open","ping_status":"open","sticky":false,"template":"","format":"standard","meta":{"footnotes":""},"categories":[18],"tags":[],"class_list":{"0":"post-3320","1":"post","2":"type-post","3":"status-publish","4":"format-standard","5":"has-post-thumbnail","7":"category-actualidad"},"_links":{"self":[{"href":"http:\/\/www.rincondelbulla.cl\/portal\/wp-json\/wp\/v2\/posts\/3320","targetHints":{"allow":["GET"]}}],"collection":[{"href":"http:\/\/www.rincondelbulla.cl\/portal\/wp-json\/wp\/v2\/posts"}],"about":[{"href":"http:\/\/www.rincondelbulla.cl\/portal\/wp-json\/wp\/v2\/types\/post"}],"author":[{"embeddable":true,"href":"http:\/\/www.rincondelbulla.cl\/portal\/wp-json\/wp\/v2\/users\/56"}],"replies":[{"embeddable":true,"href":"http:\/\/www.rincondelbulla.cl\/portal\/wp-json\/wp\/v2\/comments?post=3320"}],"version-history":[{"count":0,"href":"http:\/\/www.rincondelbulla.cl\/portal\/wp-json\/wp\/v2\/posts\/3320\/revisions"}],"wp:featuredmedia":[{"embeddable":true,"href":"http:\/\/www.rincondelbulla.cl\/portal\/wp-json\/wp\/v2\/media\/4930"}],"wp:attachment":[{"href":"http:\/\/www.rincondelbulla.cl\/portal\/wp-json\/wp\/v2\/media?parent=3320"}],"wp:term":[{"taxonomy":"category","embeddable":true,"href":"http:\/\/www.rincondelbulla.cl\/portal\/wp-json\/wp\/v2\/categories?post=3320"},{"taxonomy":"post_tag","embeddable":true,"href":"http:\/\/www.rincondelbulla.cl\/portal\/wp-json\/wp\/v2\/tags?post=3320"}],"curies":[{"name":"wp","href":"https:\/\/api.w.org\/{rel}","templated":true}]}}