{"id":3321,"date":"2012-11-07T12:36:08","date_gmt":"2012-11-07T12:36:08","guid":{"rendered":"http:\/\/www.rincondelbulla.cl\/portal\/?p=3321"},"modified":"2012-11-07T12:36:08","modified_gmt":"2012-11-07T12:36:08","slug":"golpear-la-mesa-dio-sus-primeros-frutos-la-dirigencia-ya-piensa-en-los-refuerzos-2013","status":"publish","type":"post","link":"http:\/\/www.rincondelbulla.cl\/portal\/2012\/11\/07\/golpear-la-mesa-dio-sus-primeros-frutos-la-dirigencia-ya-piensa-en-los-refuerzos-2013\/","title":{"rendered":"Golpear la mesa dio sus primeros frutos: La dirigencia ya piensa en los refuerzos 2013"},"content":{"rendered":"<p><img loading=\"lazy\" decoding=\"async\" class=\" size-full wp-image-4931\" src=\"http:\/\/www.rincondelbulla.cl\/portal\/wp-content\/uploads\/2012\/11\/43e9ac92f41ea3851cd5bce6f8ef174b.jpg\" alt=\"\" width=\"700\" height=\"396\" srcset=\"http:\/\/www.rincondelbulla.cl\/portal\/wp-content\/uploads\/2012\/11\/43e9ac92f41ea3851cd5bce6f8ef174b.jpg 700w, http:\/\/www.rincondelbulla.cl\/portal\/wp-content\/uploads\/2012\/11\/43e9ac92f41ea3851cd5bce6f8ef174b-300x170.jpg 300w, http:\/\/www.rincondelbulla.cl\/portal\/wp-content\/uploads\/2012\/11\/43e9ac92f41ea3851cd5bce6f8ef174b-696x394.jpg 696w\" sizes=\"auto, (max-width: 700px) 100vw, 700px\" \/><\/p>\n<p><strong>Tras las declaraciones de Sampaoli la dirigencia de Universidad de Chile se apur\u00f3 en entregar los nombres que ya cotejan para reforzar al equipo de cara a la temporada 2013, tres de los sondeados son prioridad para el estratega azul. <!--more--> <\/strong>A toda costa la dirigencia pretende seguir ligado a Jorge Sampaoli y su cuerpo t\u00e9cnico, bueno, esto se hace evidente al ver los n\u00fameros que deja la era Sampaoli en la historia del club. Es debido a esto que Azul Azul ya piensa en los refuerzos para el 2013, <strong>se prev\u00e9 un gran inversi\u00f3n en tres refuerzos que pretenden potenciar al equipo y darle la competitividad<\/strong> algo que el calvo estratega quiere para el grupo.<\/p>\n<p>Seg\u00fan publica La Tercera en su edici\u00f3n de hoy, hace poco tiempo J<strong>orge Sampaoli entreg\u00f3 una n\u00f3mina de prioridades de los puestos que necesita cubrir con urgencia.<\/strong> Azul Azul tom\u00f3 en cuenta esta n\u00f3mina, pues dicen, que hace rato ya se trabaja de cara a estos objetivos, <strong>\u201cSe invertir\u00e1 fuerte en un central, un volante de creaci\u00f3n r\u00e1pido, encarador y con gol, y en un centrodelantero\u201d<\/strong>, dicen en la concesionaria.<\/p>\n<p><strong>Tomando en cuenta que el objetivo principal del estratega y de la concesionaria es la obtenci\u00f3n de La Copa Libertadore<\/strong>s, las dos partes se han reunido constantemente para delinear el plan de trabajo en vista de este desaf\u00edo.<\/p>\n<p><strong>\u201cCon Jorge ya hemos tirado l\u00edneas para el plantel 2013. No tengo dudas de que nuestro proyecto deportivo coincidir\u00e1 con el de nuestro t\u00e9cnico. No tenemos diferencias importantes y analizaremos a los refuerzos dentro de un presupuesto al que debemos ajustarnos\u201d<\/strong>, se\u00f1al\u00f3 el presidente de Azul Azul a un medio capitalino.<\/p>\n<p>Se sabe que la idea es invertir en puestos claves que han flaqueado en el segundo semestre y que han dejado vulnerable algunas \u00e1reas del equipo, un central,un volante y un delantero \u201c9\u201d, son los principales objetivos, a esto se le debe sumar que pretenden contratar a un puntero del medio local.<\/p>\n<p>En relaci\u00f3n a este \u00faltimo Azul Azul ya baraja nombres y se confirmaron conversaciones con Milton Caraglio, actual ariete de Rangers,<strong> \u201cHoy (ayer) me llamaron de la \u201cU\u201d para manifestar un inter\u00e9s formal por Milton. Qued\u00e9 de preparar una propuesta por el 50% del pase, pero a\u00fan no hay cifras definidas. Igualmente veo otras opciones para \u00e9l en Italia\u201d<\/strong>, cuenta el agente del delantero, Cristian Lebih\u00e1n.<\/p>\n<p>En el caso de un volante, tambi\u00e9n se sondean nombres, seg\u00fan informaciones<strong> la prioridad para el estratega ser\u00eda Ram\u00f3n Fern\u00e1ndez<\/strong>, actualmente milita en &nbsp; &nbsp; &nbsp; O\u00b4Higgins, sin embargo en la vereda contraria (Blanco y Negro), tambi\u00e9n pretenden contra con los servicios del volante. Otro que suena para reforzar el ataque azul es Emiliano Vecchio, quien milita en Uni\u00f3n Espa\u00f1ola, claro que es una segunda opci\u00f3n.<\/p>\n<p>Otro que abulta la lista de probables es el puntero que actualmente presta servicio en Universidad de Concepci\u00f3n Jos\u00e9 Luis Jim\u00e9nez.<\/p>\n<p>As\u00ed se comienza a mover el mercado al interior de Universidad de Chile, por un lado la dirigencia se apura en dar en el gusto a Sampaoli, por el otro, el estratega azul golpea la mesa exigiendo un equipo competitivo, todo esto de cara a finales de temporada en donde el cuadro brasile\u00f1o de Cruzeiro prepara una oferta por 3,5 millones de la moneda estadounidense para quedarse con los servicios de Jorge Sampaoli y su staff, lo cual no es novedad, ya una encuesta realizada a hinchas del equipo brasile\u00f1o dej\u00f3 claro que en Cruzeiro quieren a toda costa al actual entrenador de la \u201cU\u201d.<\/p>\n<p><strong>Por ahora todo queda en rumores, lo importante hoy es salir a dar vuelta una llave muy dif\u00edcil frente a Sao Paulo\u2026VAMOS LEONES.<\/strong><\/p>\n<p><strong>\u00bfY ustedes camaradas, cu\u00e1l creen que ser\u00eda el mejor refuerzo para nuestra \u201cU\u201d de cara al 2013?<\/strong><\/p>\n","protected":false},"excerpt":{"rendered":"<p>Tras las declaraciones de Sampaoli la dirigencia de Universidad de Chile se apur\u00f3 en entregar los nombres que ya cotejan para reforzar al equipo de cara a la temporada 2013, tres de los sondeados son prioridad para el estratega azul.<\/p>\n","protected":false},"author":56,"featured_media":4931,"comment_status":"open","ping_status":"open","sticky":false,"template":"","format":"standard","meta":{"footnotes":""},"categories":[18],"tags":[],"class_list":{"0":"post-3321","1":"post","2":"type-post","3":"status-publish","4":"format-standard","5":"has-post-thumbnail","7":"category-actualidad"},"_links":{"self":[{"href":"http:\/\/www.rincondelbulla.cl\/portal\/wp-json\/wp\/v2\/posts\/3321","targetHints":{"allow":["GET"]}}],"collection":[{"href":"http:\/\/www.rincondelbulla.cl\/portal\/wp-json\/wp\/v2\/posts"}],"about":[{"href":"http:\/\/www.rincondelbulla.cl\/portal\/wp-json\/wp\/v2\/types\/post"}],"author":[{"embeddable":true,"href":"http:\/\/www.rincondelbulla.cl\/portal\/wp-json\/wp\/v2\/users\/56"}],"replies":[{"embeddable":true,"href":"http:\/\/www.rincondelbulla.cl\/portal\/wp-json\/wp\/v2\/comments?post=3321"}],"version-history":[{"count":0,"href":"http:\/\/www.rincondelbulla.cl\/portal\/wp-json\/wp\/v2\/posts\/3321\/revisions"}],"wp:featuredmedia":[{"embeddable":true,"href":"http:\/\/www.rincondelbulla.cl\/portal\/wp-json\/wp\/v2\/media\/4931"}],"wp:attachment":[{"href":"http:\/\/www.rincondelbulla.cl\/portal\/wp-json\/wp\/v2\/media?parent=3321"}],"wp:term":[{"taxonomy":"category","embeddable":true,"href":"http:\/\/www.rincondelbulla.cl\/portal\/wp-json\/wp\/v2\/categories?post=3321"},{"taxonomy":"post_tag","embeddable":true,"href":"http:\/\/www.rincondelbulla.cl\/portal\/wp-json\/wp\/v2\/tags?post=3321"}],"curies":[{"name":"wp","href":"https:\/\/api.w.org\/{rel}","templated":true}]}}