{"id":3324,"date":"2012-11-08T02:18:53","date_gmt":"2012-11-08T02:18:53","guid":{"rendered":"http:\/\/www.rincondelbulla.cl\/portal\/?p=3324"},"modified":"2012-11-08T02:18:53","modified_gmt":"2012-11-08T02:18:53","slug":"marca-personal-el-nerviosismo-y-la-presion-pudieron-mas","status":"publish","type":"post","link":"http:\/\/www.rincondelbulla.cl\/portal\/2012\/11\/08\/marca-personal-el-nerviosismo-y-la-presion-pudieron-mas\/","title":{"rendered":"Marca Personal: el nerviosismo y la presi\u00f3n pudieron m\u00e1s"},"content":{"rendered":"<figure id=\"attachment_4934\" aria-describedby=\"caption-attachment-4934\" style=\"width: 619px\" class=\"wp-caption alignnone\"><img loading=\"lazy\" decoding=\"async\" class=\" size-full wp-image-4934\" src=\"http:\/\/www.rincondelbulla.cl\/portal\/wp-content\/uploads\/2012\/11\/257756ee79d07c68d322e5cf0b6d0e6e.jpg\" alt=\"Foto: Photosport\" class=\"caption\" title=\"La U se despidi\u00f3 de la Sudamericana\" width=\"619\" height=\"412\" srcset=\"http:\/\/www.rincondelbulla.cl\/portal\/wp-content\/uploads\/2012\/11\/257756ee79d07c68d322e5cf0b6d0e6e.jpg 619w, http:\/\/www.rincondelbulla.cl\/portal\/wp-content\/uploads\/2012\/11\/257756ee79d07c68d322e5cf0b6d0e6e-300x200.jpg 300w\" sizes=\"auto, (max-width: 619px) 100vw, 619px\" \/><figcaption id=\"caption-attachment-4934\" class=\"wp-caption-text\">La U se despidi\u00f3 de la Sudamericana<\/figcaption><\/figure>\n<p style=\"text-align: justify;\"><b><span style=\"font-family: Arial, sans-serif;\">Universidad de Chile cay\u00f3 por 5 goles contra 0 contra Sao Paulo en Brasil y con esto dijo adi\u00f3s a la Copa Sudamericana 2012 y al bicampeonato internacional. Un equipo sin chispa y demasiado cansado vio c\u00f3mo el rival le pasaba por encima aunque sin dejar de dar pelea. Los Leones, pese al resultado, corrieron hasta el \u00faltimo segundo del partido. La falta de gol y de un habilitador m\u00e1s el nerviosismo y la presi\u00f3n facilit\u00f3 la labor de Sao Paulo versus el equipo de Sampaoli, entrenador que, a pesar de todo, nunca renunci\u00f3 a su estilo de juego. Con la tristeza a flor de piel, los azules, uno a uno, por <i>Rinc\u00f3ndelbulla.<\/i><\/span><\/b><\/p>\n<p style=\"text-align: justify;\"><b><span style=\"font-family: Arial, sans-serif;\"><i> <!--more--> <\/i><\/span><\/b><\/p>\n<p style=\"text-align: justify;\"><b><span style=\"font-family: Arial, sans-serif;\">Johnny Herrera: <\/span><\/b><span style=\"font-family: Arial, sans-serif;\">No estuvo mal, sin embargo recibir 5 goles en un partido, para un portero, debe ser duro. Tal vez en el tiro libre algo flojo, tal vez. Nota: 5.5<\/span><\/p>\n<p style=\"text-align: justify;\"><b><span style=\"font-family: Arial, sans-serif;\">Osvaldo Gonz\u00e1lez: <\/span><\/b><span style=\"font-family: Arial, sans-serif;\">Buen partido. Siempre atento y con un coraje tremendo. Nota: 6.0<\/span><\/p>\n<p style=\"text-align: justify;\"><b><span style=\"font-family: Arial, sans-serif;\">Albert Acevedo: <\/span><\/b><span style=\"font-family: Arial, sans-serif;\">Tampoco hizo un mal partido. Gan\u00f3 un par de cabezazos en ofensiva y se qued\u00f3 en ataque cuando pudo. Nota: 5.5<\/span><\/p>\n<p style=\"text-align: justify;\"><b><span style=\"font-family: Arial, sans-serif;\">Jos\u00e9 Rojas: <\/span><\/b><span style=\"font-family: Arial, sans-serif;\">M\u00e1s all\u00e1 de su juego destaca su coraz\u00f3n y su verg\u00fcenza deportiva. Nota: 6.0<b><\/b><\/span><\/p>\n<p style=\"text-align: justify;\"><b><span style=\"font-family: Arial, sans-serif;\">Mat\u00edas Rodr\u00edguez: <\/span><\/b><span style=\"font-family: Arial, sans-serif;\">No estuvo en su mejor partido. Trat\u00f3 de generar peligro pero le cost\u00f3. En el primer gol se qued\u00f3 en ofensiva. Nota: 5.5<\/span><\/p>\n<p style=\"text-align: justify;\"><b><span style=\"font-family: Arial, sans-serif;\">Charles Ar\u00e1nguiz: <\/span><\/b><span style=\"font-family: Arial, sans-serif;\">El mejor del equipo. Siempre atento, corriendo, trat\u00f3 de generar juego pero estuvo muy marcado. Bien en la marca. Nota: 6.5<\/span><\/p>\n<p style=\"text-align: justify;\"><b><span style=\"font-family: Arial, sans-serif;\">Sebasti\u00e1n Mart\u00ednez: <\/span><\/b><span style=\"font-family: Arial, sans-serif;\">Le cost\u00f3. No hizo un mal partido porque no es un mal jugador, sin embargo anduvo m\u00e1s bajo de lo habitual. Muy esforzado, sali\u00f3 lesionado terminando el duelo. Nota: 5.5<b><\/b><\/span><\/p>\n<p style=\"text-align: justify;\"><b><span style=\"font-family: Arial, sans-serif;\">Gustavo Lorenzetti: <\/span><\/b><span style=\"font-family: Arial, sans-serif;\">Uno de los m\u00e1s bajos. Fall\u00f3 en el segundo gol, nunca pudo generar f\u00fatbol, perdi\u00f3 el bal\u00f3n f\u00e1cilmente. Sali\u00f3 remplazado antes de terminar el primer tiempo. Nota: 3.0<\/span><\/p>\n<p style=\"text-align: justify;\"><b><span style=\"font-family: Arial, sans-serif;\">Francisco Castro: <\/span><\/b><span style=\"font-family: Arial, sans-serif;\">El segundo m\u00e1s bajo. No pudo realizar un buen juego, tom\u00f3 malas decisiones, no encar\u00f3. Nota: 3.0<b><\/b><\/span><\/p>\n<p style=\"text-align: justify;\"><b><span style=\"font-family: Arial, sans-serif;\">Enzo Guti\u00e9rrez: <\/span><\/b><span style=\"font-family: Arial, sans-serif;\">Pele\u00f3 en ataque, corri\u00f3 a los defensas, encar\u00f3, intent\u00f3, pate\u00f3 de distancia. Luchador pero le falt\u00f3 el gol. Nota: 6.0<b><\/b><\/span><\/p>\n<p style=\"text-align: justify;\"><b><span style=\"font-family: Arial, sans-serif;\">Sebasti\u00e1n Ubilla: <\/span><\/b><span style=\"font-family: Arial, sans-serif;\">Bien en la orilla, sin embargo le falta algo. Se atrevi\u00f3 a patear al arco pero se fue desviado. Nota: 5.0<\/span><\/p>\n<p style=\"text-align: justify;\"><b><span style=\"text-decoration: underline;\"><span style=\"font-family: Arial, sans-serif;\">Sustituciones<\/span><\/span><\/b><\/p>\n<p style=\"text-align: justify;\"><b><span style=\"font-family: Arial, sans-serif;\">Paulo Magalhaes: <\/span><\/b><span style=\"font-family: Arial, sans-serif;\">Ingres\u00f3 en el primer tiempo y no lo hizo mal. Nota: 5.5<\/span><\/p>\n<p style=\"text-align: justify;\"><b><span style=\"font-family: Arial, sans-serif;\">Roberto Cereceda: <\/span><\/b><span style=\"font-family: Arial, sans-serif;\">Ingres\u00f3 en el segundo lapso, intent\u00f3 pero, como todo el equipo, no lo logr\u00f3. Nota: 5.0<b><\/b><\/span><\/p>\n<p style=\"text-align: justify;\"><b><span style=\"font-family: Arial, sans-serif;\">Ezequiel Videla: <\/span><\/b><span style=\"font-family: Arial, sans-serif;\">Ingres\u00f3 cuando estaba todo liquidado. No hizo un mal partido.<b><\/b><\/span><\/p>\n","protected":false},"excerpt":{"rendered":"<p>Universidad de Chile cay\u00f3 por 5 goles contra 0 contra Sao Paulo en Brasil y con esto dijo adi\u00f3s a la Copa Sudamericana 2012 y al bicampeonato internacional. Un equipo sin chispa y demasiado cansado vio c\u00f3mo el rival le pasaba por encima aunque sin dejar de dar pelea. Los Leones, pese al resultado, corrieron [&#8230;]<\/p>\n","protected":false},"author":57,"featured_media":4934,"comment_status":"open","ping_status":"open","sticky":false,"template":"","format":"standard","meta":{"footnotes":""},"categories":[18],"tags":[],"class_list":{"0":"post-3324","1":"post","2":"type-post","3":"status-publish","4":"format-standard","5":"has-post-thumbnail","7":"category-actualidad"},"_links":{"self":[{"href":"http:\/\/www.rincondelbulla.cl\/portal\/wp-json\/wp\/v2\/posts\/3324","targetHints":{"allow":["GET"]}}],"collection":[{"href":"http:\/\/www.rincondelbulla.cl\/portal\/wp-json\/wp\/v2\/posts"}],"about":[{"href":"http:\/\/www.rincondelbulla.cl\/portal\/wp-json\/wp\/v2\/types\/post"}],"author":[{"embeddable":true,"href":"http:\/\/www.rincondelbulla.cl\/portal\/wp-json\/wp\/v2\/users\/57"}],"replies":[{"embeddable":true,"href":"http:\/\/www.rincondelbulla.cl\/portal\/wp-json\/wp\/v2\/comments?post=3324"}],"version-history":[{"count":0,"href":"http:\/\/www.rincondelbulla.cl\/portal\/wp-json\/wp\/v2\/posts\/3324\/revisions"}],"wp:featuredmedia":[{"embeddable":true,"href":"http:\/\/www.rincondelbulla.cl\/portal\/wp-json\/wp\/v2\/media\/4934"}],"wp:attachment":[{"href":"http:\/\/www.rincondelbulla.cl\/portal\/wp-json\/wp\/v2\/media?parent=3324"}],"wp:term":[{"taxonomy":"category","embeddable":true,"href":"http:\/\/www.rincondelbulla.cl\/portal\/wp-json\/wp\/v2\/categories?post=3324"},{"taxonomy":"post_tag","embeddable":true,"href":"http:\/\/www.rincondelbulla.cl\/portal\/wp-json\/wp\/v2\/tags?post=3324"}],"curies":[{"name":"wp","href":"https:\/\/api.w.org\/{rel}","templated":true}]}}