{"id":3327,"date":"2012-11-14T11:14:49","date_gmt":"2012-11-14T11:14:49","guid":{"rendered":"http:\/\/www.rincondelbulla.cl\/portal\/?p=3327"},"modified":"2012-11-14T11:14:49","modified_gmt":"2012-11-14T11:14:49","slug":"ooooohhhh-sampaoli-no-se-vaaaa-o-si","status":"publish","type":"post","link":"http:\/\/www.rincondelbulla.cl\/portal\/2012\/11\/14\/ooooohhhh-sampaoli-no-se-vaaaa-o-si\/","title":{"rendered":"\u00a1\u00a1\u00a1ooooohhhh, Sampaoli no se vaaaa!!!&#8230; \u00bfO s\u00ed?"},"content":{"rendered":"<p><img loading=\"lazy\" decoding=\"async\" class=\" size-full wp-image-4937\" src=\"http:\/\/www.rincondelbulla.cl\/portal\/wp-content\/uploads\/2012\/11\/e17c1d5b4217ec2f12d8ec35279f7308.jpg\" alt=\"\" width=\"700\" height=\"396\" srcset=\"http:\/\/www.rincondelbulla.cl\/portal\/wp-content\/uploads\/2012\/11\/e17c1d5b4217ec2f12d8ec35279f7308.jpg 700w, http:\/\/www.rincondelbulla.cl\/portal\/wp-content\/uploads\/2012\/11\/e17c1d5b4217ec2f12d8ec35279f7308-300x170.jpg 300w, http:\/\/www.rincondelbulla.cl\/portal\/wp-content\/uploads\/2012\/11\/e17c1d5b4217ec2f12d8ec35279f7308-696x394.jpg 696w\" sizes=\"auto, (max-width: 700px) 100vw, 700px\" \/><\/p>\n<p><strong>Seg\u00fan public\u00f3 un matutino, el actual estratega azul se abre a la posibilidad de dejar la banca del Le\u00f3n a fines de temporada, \u00bfpresi\u00f3n para la dirigencia o intenciones reales?<\/strong><\/p>\n<p>  <!--more-->  <\/p>\n<p><strong>\u00abMe gustar\u00eda implementar mi trabajo ah\u00ed\u00bb<\/strong>. As\u00ed respondi\u00f3 Jorge Sampaoli a una pregunta relacionada con su posible llegada al f\u00fatbol brasile\u00f1o, seg\u00fan public\u00f3 La Tercera a comienzos de semana, Jorge Sampaoli declar\u00f3 en una entrevista con Lance estar abierto a dejar la banca azul para dirigir a Cruzeiro la pr\u00f3xima temporada.<\/p>\n<p>&nbsp;<\/p>\n<p>Las especulaciones est\u00e1n a la orden del d\u00eda en Universidad de Chile, que se va, que se queda, lo cierto es que no hay nada seguro sobre la continuidad de Jorge Luis Sampaoli para la temporada 2013 en la banca universitaria.<\/p>\n<p>Pese a que tiene contrato vigente hasta el 2013 el t\u00e9cnico m\u00e1s exitoso en la historia de Universidad de Chile y las reiteradas afirmaciones por parte de la dirigencia y jugadores de que el casildense continuar\u00e1 y cumplir\u00e1 su contrato, el futuro se ve muy incierto, <strong>\u00abNo depende de m\u00ed, pero siempre tengo la ilusi\u00f3n de que, con todo lo que se ha dicho, tenga la oportunidad de entrenar a un equipo brasile\u00f1o. Me gustar\u00eda poder poner en pr\u00e1ctica mi trabajo, siendo uno de los t\u00e9cnicos extranjeros que pueden generar algo diferente en el pa\u00eds\u00bb<\/strong>, se\u00f1al\u00f3 el t\u00e9cnico al medio brasile\u00f1o Lance.<\/p>\n<p>El actual estratega azul le gustan los nuevos desaf\u00edos, y eso lo dej\u00f3 claro con los logros alcanzado con el Le\u00f3n.<strong>\u00abEl reconocimiento de un pa\u00eds como Brasil, con su tradici\u00f3n, me llena de orgullo, porque siendo un t\u00e9cnico argentino que trabaja en Chile, con tanta aceptaci\u00f3n popular en Brasil, para m\u00ed es importante (&#8230;) \u00bfDirigir ah\u00ed? Es una motivaci\u00f3n especial, porque primero hay que adaptarse a la idiosincracia del jugador, al lugar donde t\u00fa est\u00e1s, a adherirlo, conmoverlo y generar que adhiera a la idea\u00bb<\/strong>.<\/p>\n<p>En relaci\u00f3n al equipo que le gustar\u00eda dirigir; es un secreto a voces que Cruzeiro presentar\u00e1 un oferta formal y un plan de trabajo a finales de a\u00f1o a Sampaoli, el casildense no esconde sus intenciones y record\u00f3 porque no acept\u00f3 la oferta que lleg\u00f3 a mitad de a\u00f1o<strong> \u00abporque me encontraba en medio de un torneo. (Sin embargo), ahora la situaci\u00f3n ha cambiado. No s\u00e9 si Cruzeiro a\u00fan tiene la intenci\u00f3n de contratarme, pero me encantar\u00eda participar en el campeonato brasile\u00f1o, es uno de los mejores del mundo\u201d.<\/strong><\/p>\n<p>Si embargo pese a estar especulaciones y declaraciones de Jorge Sampaoli, el fututro se ve m\u00e1s cercano a la U, eso lo ha confirmado la dirigencia e incluso el capit\u00e1n azul Jos\u00e9 Rojas, eso si, todo depender\u00e1 de como se potencie el equipo de cara al desaf\u00edo m\u00e1s importante para la temporada 2013 y la obsesi\u00f3n del estratega azul, obtener la Copa Libertadores<strong> \u00abTengo un contrato hasta el 2013, pero tiene una cl\u00e1usula de salida. Lo que pasa es que la \u00abU\u00bb se acostumbr\u00f3 a ganar, pero el equipo se deteriora cada vez m\u00e1s (..) En este marco lo m\u00e1s conveniente, si no formamos un buen plantel, es irme\u00bb.<\/strong><\/p>\n<p>Todas estas declaraciones han acaparado comentarios positivos y negativos hacia el \u00abProfe\u00bb durante esta semana Ayer Sampaoli en conferencia en el CDA fue claro<strong> \u00abme quedo s\u00f3lo si la U forma una equipo extremadamente competitivo\u00bb<\/strong>, algo bueno, si vemos en el futuro cercano las competencias que tiene el equipo, tambi\u00e9n se\u00f1al\u00f3 que ha conversado con Jos\u00e9 Rojas y Paulo Garc\u00e9s para cntin\u00faen en el equipo y sean parte del plantel que disputar\u00e1 la Copa Libertadores 2013.<\/p>\n<p><strong>La hinchada no quiere que Sampaoli deje la banca azul<\/strong>, por lo menos no antes de disputar la Libertadores 2013 y eso lo dio a entender el s\u00e1bado durante el partido frente a Huachipato, donde un ensordecedor coro ped\u00eda que Sampaoli no se fuera del club, c\u00e1nticos que el estratega respondi\u00f3 con una sonrisa y un saludo a la fiel hinchada azul.<\/p>\n<p>Con este clima hoy la U enfrenta a Universidad de Concepci\u00f3n, partido atrasado que dirimir\u00e1 las parejas definitas para el comienzo de los Play Off, Universidad de Chile ya se conforma con el 2\u00b0 puesto de la tabla, ya que debe ganar por 8 goles para arrebatarle la cima del Clausura a su &nbsp;m\u00e1ximo rival, todo los entretelones del duelo los podr\u00e1s seguir en vivo desde nuestra secci\u00f3n de \u00abfutbol en vivo\u00bb, y el relato relato minuto minuto lo pueden encontrar en nuestro p\u00e1gina de facebook, ya lo saben a contar de las 20 hrs desde el Estadio Santa Laura Universidad de Chile vs Universidad de Concepci\u00f3n, ac\u00e1 en <a href=\"..\/\">www.rincondelbulla.cl<\/a>&nbsp; &nbsp; &nbsp;, el portal oficical del hincha bullanguero.<\/p>\n<p>Por ahora s\u00f3lo queda esperar, pero de algo si podemos estar seguro, el trabajo que ha mostrado Sampaoli en la banca azul es serio y profesional, por ende, <strong>podemos tener la certeza que nada nublar\u00e1 al equipo ni al cuerpo t\u00e9cnico por alcanzar su objetivo m\u00e1s cercano, el Tetracampeonato nacional.<\/strong><\/p>\n<p><strong>\u00bfY ustedes camaradas, que creen, Sampaoli se ir\u00e1 o est\u00e1s declaraciones son una estrategia para presionar a al dirigencia para que potencie al equipo?<\/strong><\/p>\n","protected":false},"excerpt":{"rendered":"<p>Seg\u00fan public\u00f3 un matutino, el actual estratega azul se abre a la posibilidad de dejar la banca del Le\u00f3n a fines de temporada, \u00bfpresi\u00f3n para la dirigencia o intenciones reales?<\/p>\n","protected":false},"author":56,"featured_media":4937,"comment_status":"open","ping_status":"open","sticky":false,"template":"","format":"standard","meta":{"footnotes":""},"categories":[18],"tags":[],"class_list":{"0":"post-3327","1":"post","2":"type-post","3":"status-publish","4":"format-standard","5":"has-post-thumbnail","7":"category-actualidad"},"_links":{"self":[{"href":"http:\/\/www.rincondelbulla.cl\/portal\/wp-json\/wp\/v2\/posts\/3327","targetHints":{"allow":["GET"]}}],"collection":[{"href":"http:\/\/www.rincondelbulla.cl\/portal\/wp-json\/wp\/v2\/posts"}],"about":[{"href":"http:\/\/www.rincondelbulla.cl\/portal\/wp-json\/wp\/v2\/types\/post"}],"author":[{"embeddable":true,"href":"http:\/\/www.rincondelbulla.cl\/portal\/wp-json\/wp\/v2\/users\/56"}],"replies":[{"embeddable":true,"href":"http:\/\/www.rincondelbulla.cl\/portal\/wp-json\/wp\/v2\/comments?post=3327"}],"version-history":[{"count":0,"href":"http:\/\/www.rincondelbulla.cl\/portal\/wp-json\/wp\/v2\/posts\/3327\/revisions"}],"wp:featuredmedia":[{"embeddable":true,"href":"http:\/\/www.rincondelbulla.cl\/portal\/wp-json\/wp\/v2\/media\/4937"}],"wp:attachment":[{"href":"http:\/\/www.rincondelbulla.cl\/portal\/wp-json\/wp\/v2\/media?parent=3327"}],"wp:term":[{"taxonomy":"category","embeddable":true,"href":"http:\/\/www.rincondelbulla.cl\/portal\/wp-json\/wp\/v2\/categories?post=3327"},{"taxonomy":"post_tag","embeddable":true,"href":"http:\/\/www.rincondelbulla.cl\/portal\/wp-json\/wp\/v2\/tags?post=3327"}],"curies":[{"name":"wp","href":"https:\/\/api.w.org\/{rel}","templated":true}]}}