{"id":3330,"date":"2012-11-21T12:16:13","date_gmt":"2012-11-21T12:16:13","guid":{"rendered":"http:\/\/www.rincondelbulla.cl\/portal\/?p=3330"},"modified":"2012-11-21T12:16:13","modified_gmt":"2012-11-21T12:16:13","slug":"ya-existe-un-plan-b-si-sampaoli-asume-en-la-roja-berizzo-seria-el-nombre","status":"publish","type":"post","link":"http:\/\/www.rincondelbulla.cl\/portal\/2012\/11\/21\/ya-existe-un-plan-b-si-sampaoli-asume-en-la-roja-berizzo-seria-el-nombre\/","title":{"rendered":"Ya existe un plan B si Sampaoli asume en \u201cLa Roja\u201d, Berizzo ser\u00eda el nombre"},"content":{"rendered":"<p><img loading=\"lazy\" decoding=\"async\" class=\" size-full wp-image-4940\" src=\"http:\/\/www.rincondelbulla.cl\/portal\/wp-content\/uploads\/2012\/11\/68844eaca57ed91da37a99619af7c4ac.jpg\" alt=\"\" width=\"700\" height=\"396\" srcset=\"http:\/\/www.rincondelbulla.cl\/portal\/wp-content\/uploads\/2012\/11\/68844eaca57ed91da37a99619af7c4ac.jpg 700w, http:\/\/www.rincondelbulla.cl\/portal\/wp-content\/uploads\/2012\/11\/68844eaca57ed91da37a99619af7c4ac-300x170.jpg 300w, http:\/\/www.rincondelbulla.cl\/portal\/wp-content\/uploads\/2012\/11\/68844eaca57ed91da37a99619af7c4ac-696x394.jpg 696w\" sizes=\"auto, (max-width: 700px) 100vw, 700px\" \/><\/p>\n<p><strong>Siguen inquietas las aguas al interior de Universidad de Chile, m\u00e1s aun tomando en cuenta que es casi un hecho la partida de Jorge Sampaoli de la banca Azul. El calvo estratega se har\u00eda cargo de la selecci\u00f3n chilena.<\/strong> <!--more--> <strong>La ANFP ya se reuni\u00f3n con el actual y m\u00e1s exitoso Director T\u00e9cnico de Universidad de Chile, el casildense Jorge Sampaoli<\/strong>, en la cita los dirigentes de la ANFP le propusieron tomar el cargo del despedido Claudio Borgui, Sampaoli se mostr\u00f3 abierto a la posibilidad y se ilusiona con traspasar el \u00e9xito que ha logrado en el equipo azul a la \u201cRoja de todos\u201d.<\/p>\n<p>Tras esta posibilidad la dirigencia de Universidad de Chile ya cuenta con un plan B, y es en este escenario que la concesionaria ya piensa en el remplazante del calvo estratega. En reuni\u00f3n de directorio ya se confirm\u00f3 que de concretarse el \u201ctraspaso\u201d del t\u00e9cnico estrella, la prioridad para que asuma la banca del Le\u00f3n es el argentino Eduardo \u201cToto\u201d Berizzo, actual entrenador de O\u201dHiggins y ex mano derecha de Marcelo Bielsa en la selecci\u00f3n Chilena.<\/p>\n<p><strong>\u201cSi finalmente se va Sampaoli, se van a agotar las instancias para sumar al \u2018Toto\u2019, m\u00e1s all\u00e1 del delicado escenario que esto implica. No hab\u00eda un plan B armado si se iba Sampaoli, pero el nombre de Berizzo es el \u00fanico externo que se dio, porque encaja en lo que actualmente hace el equipo de la\u2018U\u2019\u201d<\/strong>. se\u00f1alaron al interior de Azul Azul, seg\u00fan publica hoy La Tercera.<\/p>\n<p>Sin embargo antes que Berizzo fuera escogido como prioridad para remplazar al actual t\u00e9cnico azul, la dirigencia universitaria centr\u00f3 sus miradas al interior del equipo y es as\u00ed como se le propuso al actual ayudante t\u00e9cnico Sebasti\u00e1n Beccacece que asumiera la banca del L\u00e9on ante una inminente partida de Sampaoli, Beccacece rechaz\u00f3 la oferta.<\/p>\n<p><strong>\u201cSebasti\u00e1n fue siempre la primera opci\u00f3n. Cuando Sampaoli tuvo la posibilidad de partir a Emiratos Arabes, el club le pregunt\u00f3 (a Beccacece) si estaba dispuesto a asumir el primer equipo y su respuesta fue negativa, pues se\u00f1al\u00f3 que no se sent\u00eda preparado y que no iba a dejar solo a Sampaoli\u201d<\/strong>, declaran al interior de Azul Azul.<\/p>\n<p>Esta misma conversaci\u00f3n se repiti\u00f3 ahora y la respuesta del ayudante t\u00e9cnico de Sampaoli fue la misma, se neg\u00f3 y argument\u00f3 su lealtad al casildense.<\/p>\n<p>Mientras se dirime el futuro de la banca azul y de la selecci\u00f3n nacional la U se concentra en lo que realmente importa ahora, el duelo por cuartos de final ante Uni\u00f3n Espa\u00f1ola (hoy 18:00hrs) y su camino al Tetracampeonato.<\/p>\n<p><strong>Todos los detalles de este duelo, la actualizaci\u00f3n de las movidas azules, las puedes seguir ac\u00e1 en www.rincondelbulla.cl el sitio oficial del hincha bullanguero.<\/strong><\/p>\n","protected":false},"excerpt":{"rendered":"<p>Siguen inquietas las aguas al interior de Universidad de Chile, m\u00e1s aun tomando en cuenta que es casi un hecho la partida de Jorge Sampaoli de la banca Azul. El calvo estratega se har\u00eda cargo de la selecci\u00f3n chilena.<\/p>\n","protected":false},"author":56,"featured_media":4940,"comment_status":"open","ping_status":"open","sticky":false,"template":"","format":"standard","meta":{"footnotes":""},"categories":[18],"tags":[],"class_list":{"0":"post-3330","1":"post","2":"type-post","3":"status-publish","4":"format-standard","5":"has-post-thumbnail","7":"category-actualidad"},"_links":{"self":[{"href":"http:\/\/www.rincondelbulla.cl\/portal\/wp-json\/wp\/v2\/posts\/3330","targetHints":{"allow":["GET"]}}],"collection":[{"href":"http:\/\/www.rincondelbulla.cl\/portal\/wp-json\/wp\/v2\/posts"}],"about":[{"href":"http:\/\/www.rincondelbulla.cl\/portal\/wp-json\/wp\/v2\/types\/post"}],"author":[{"embeddable":true,"href":"http:\/\/www.rincondelbulla.cl\/portal\/wp-json\/wp\/v2\/users\/56"}],"replies":[{"embeddable":true,"href":"http:\/\/www.rincondelbulla.cl\/portal\/wp-json\/wp\/v2\/comments?post=3330"}],"version-history":[{"count":0,"href":"http:\/\/www.rincondelbulla.cl\/portal\/wp-json\/wp\/v2\/posts\/3330\/revisions"}],"wp:featuredmedia":[{"embeddable":true,"href":"http:\/\/www.rincondelbulla.cl\/portal\/wp-json\/wp\/v2\/media\/4940"}],"wp:attachment":[{"href":"http:\/\/www.rincondelbulla.cl\/portal\/wp-json\/wp\/v2\/media?parent=3330"}],"wp:term":[{"taxonomy":"category","embeddable":true,"href":"http:\/\/www.rincondelbulla.cl\/portal\/wp-json\/wp\/v2\/categories?post=3330"},{"taxonomy":"post_tag","embeddable":true,"href":"http:\/\/www.rincondelbulla.cl\/portal\/wp-json\/wp\/v2\/tags?post=3330"}],"curies":[{"name":"wp","href":"https:\/\/api.w.org\/{rel}","templated":true}]}}