{"id":3331,"date":"2012-11-21T12:42:19","date_gmt":"2012-11-21T12:42:19","guid":{"rendered":"http:\/\/www.rincondelbulla.cl\/portal\/?p=3331"},"modified":"2012-11-21T12:42:19","modified_gmt":"2012-11-21T12:42:19","slug":"cesar-cortes-seria-el-primer-refuerzo-para-la-temporada-2013","status":"publish","type":"post","link":"http:\/\/www.rincondelbulla.cl\/portal\/2012\/11\/21\/cesar-cortes-seria-el-primer-refuerzo-para-la-temporada-2013\/","title":{"rendered":"C\u00e9sar Cort\u00e9s ser\u00eda el primer refuerzo para la temporada 2013"},"content":{"rendered":"<p><img loading=\"lazy\" decoding=\"async\" class=\" size-full wp-image-4941\" src=\"http:\/\/www.rincondelbulla.cl\/portal\/wp-content\/uploads\/2012\/11\/416ac8f30f6bedd9f363d2a43c79ebd9.jpg\" alt=\"\" width=\"700\" height=\"396\" srcset=\"http:\/\/www.rincondelbulla.cl\/portal\/wp-content\/uploads\/2012\/11\/416ac8f30f6bedd9f363d2a43c79ebd9.jpg 700w, http:\/\/www.rincondelbulla.cl\/portal\/wp-content\/uploads\/2012\/11\/416ac8f30f6bedd9f363d2a43c79ebd9-300x170.jpg 300w, http:\/\/www.rincondelbulla.cl\/portal\/wp-content\/uploads\/2012\/11\/416ac8f30f6bedd9f363d2a43c79ebd9-696x394.jpg 696w\" sizes=\"auto, (max-width: 700px) 100vw, 700px\" \/><\/p>\n<p>Tras el partido de Huachipato frente a Palestino por los cuartos de final del Clausura, el actual atacante acerero declar\u00f3 estar concentrado en su actual equipo. <!--more--> Pese a que C\u00e9sar Cort\u00e9s se\u00f1ala que s\u00f3lo piensa en los Payoffs y su actual equipo (Huachipato), lo cierto es que el atacante se convertir\u00eda en el primer refuerzo de Universidad de Chile de cara a la temporada 2013.<\/p>\n<p>Buenas actuaciones por los acereros, que incluso lo llevaron a ser nominado por el ex estratega nacional Claudio Borgui para vestir la camiseta roja de la selecci\u00f3n, son los antecedentes que hicieron que Azul Azul y el cuerpo t\u00e9cnico pusieran la mirada sobre este joven atacante.<br \/>C\u00e9sar Cortes llegar\u00eda al CDA por tres a\u00f1os y su traspaso se oficializar\u00eda una ves terminado el Campeonato de Clausura.<\/p>\n<p><strong>\u00bfQu\u00e9 te parece este jugador, ser\u00e1 un porte para el equipo?<\/strong><\/p>\n","protected":false},"excerpt":{"rendered":"<p>Tras el partido de Huachipato frente a Palestino por los cuartos de final del Clausura, el actual atacante acerero declar\u00f3 estar concentrado en su actual equipo.<\/p>\n","protected":false},"author":56,"featured_media":4941,"comment_status":"open","ping_status":"open","sticky":false,"template":"","format":"standard","meta":{"footnotes":""},"categories":[18],"tags":[],"class_list":{"0":"post-3331","1":"post","2":"type-post","3":"status-publish","4":"format-standard","5":"has-post-thumbnail","7":"category-actualidad"},"_links":{"self":[{"href":"http:\/\/www.rincondelbulla.cl\/portal\/wp-json\/wp\/v2\/posts\/3331","targetHints":{"allow":["GET"]}}],"collection":[{"href":"http:\/\/www.rincondelbulla.cl\/portal\/wp-json\/wp\/v2\/posts"}],"about":[{"href":"http:\/\/www.rincondelbulla.cl\/portal\/wp-json\/wp\/v2\/types\/post"}],"author":[{"embeddable":true,"href":"http:\/\/www.rincondelbulla.cl\/portal\/wp-json\/wp\/v2\/users\/56"}],"replies":[{"embeddable":true,"href":"http:\/\/www.rincondelbulla.cl\/portal\/wp-json\/wp\/v2\/comments?post=3331"}],"version-history":[{"count":0,"href":"http:\/\/www.rincondelbulla.cl\/portal\/wp-json\/wp\/v2\/posts\/3331\/revisions"}],"wp:featuredmedia":[{"embeddable":true,"href":"http:\/\/www.rincondelbulla.cl\/portal\/wp-json\/wp\/v2\/media\/4941"}],"wp:attachment":[{"href":"http:\/\/www.rincondelbulla.cl\/portal\/wp-json\/wp\/v2\/media?parent=3331"}],"wp:term":[{"taxonomy":"category","embeddable":true,"href":"http:\/\/www.rincondelbulla.cl\/portal\/wp-json\/wp\/v2\/categories?post=3331"},{"taxonomy":"post_tag","embeddable":true,"href":"http:\/\/www.rincondelbulla.cl\/portal\/wp-json\/wp\/v2\/tags?post=3331"}],"curies":[{"name":"wp","href":"https:\/\/api.w.org\/{rel}","templated":true}]}}