{"id":3333,"date":"2012-11-21T13:28:35","date_gmt":"2012-11-21T13:28:35","guid":{"rendered":"http:\/\/www.rincondelbulla.cl\/portal\/?p=3333"},"modified":"2012-11-21T13:28:35","modified_gmt":"2012-11-21T13:28:35","slug":"el-leon-estrenaria-camiseta-en-conmemoracion-a-un-ano-de-ganar-la-copa-sudamericana","status":"publish","type":"post","link":"http:\/\/www.rincondelbulla.cl\/portal\/2012\/11\/21\/el-leon-estrenaria-camiseta-en-conmemoracion-a-un-ano-de-ganar-la-copa-sudamericana\/","title":{"rendered":"El Le\u00f3n estrenar\u00eda camiseta en conmemoraci\u00f3n a un a\u00f1o de ganar  la Copa Sudamericana"},"content":{"rendered":"<p><img loading=\"lazy\" decoding=\"async\" class=\" size-full wp-image-4942\" src=\"http:\/\/www.rincondelbulla.cl\/portal\/wp-content\/uploads\/2012\/11\/bf56f43d1baaa3bdfa1fa8d5cb4aec91.jpg\" alt=\"\" width=\"700\" height=\"385\" srcset=\"http:\/\/www.rincondelbulla.cl\/portal\/wp-content\/uploads\/2012\/11\/bf56f43d1baaa3bdfa1fa8d5cb4aec91.jpg 700w, http:\/\/www.rincondelbulla.cl\/portal\/wp-content\/uploads\/2012\/11\/bf56f43d1baaa3bdfa1fa8d5cb4aec91-300x165.jpg 300w, http:\/\/www.rincondelbulla.cl\/portal\/wp-content\/uploads\/2012\/11\/bf56f43d1baaa3bdfa1fa8d5cb4aec91-696x383.jpg 696w\" sizes=\"auto, (max-width: 700px) 100vw, 700px\" \/><\/p>\n<p><strong>Se espera que para el debut de hoy frente a los hispanos por los cuartos de final (Ida) del clausura, Universidad de Chile estrene nueva camiseta.<\/strong><\/p>\n<p>Con una edic\u00f3n limitada la U pretende conmemorar un a\u00f1o de la obtenci\u00f3n de la Copa Sudamericana, su t\u00edtulo m\u00e1s importante en sus 85 a\u00f1os de historia.<br \/>\u00b4<br \/>La nueva camiseta se podr\u00e1 conseguir en tiendas especializadas y la idea es que lo fan\u00e1ticos azules puedan lucir una camiseta de colecci\u00f3n que rememora uno de los t\u00edtulos m\u00e1s importantes del f\u00fatbol Chileno.<\/p>\n<p><strong>Cabe se\u00f1alar que la U es el equipo que mejor campa\u00f1a ha realizado en un torneo continental al ganar \u00e9ste de forma invicta, con la valla menos batida y siendo el equipo m\u00e1s goleador.<\/strong><\/p>\n<p>Seg\u00fan se filtr\u00f3 la camiseta se convertir\u00eda en la indumentaria de recambio a partir de la temporada 2013, <strong>el color ser\u00eda similar a la que este a\u00f1o estren\u00f3 el club para los entrenamientos, un verde\/amarillo bastante reluciente.<\/strong><\/p>\n<p>De esta forma Universidad de Chile se suma a otros a una tradic\u00f3n de clubes randes de Europa , Barcelona, Chelsea o Bayer M\u00fbnich, tomando en cuenta que la nueva indumentaria tendr\u00e1 todos los est\u00e1ndares de los equipos m\u00e1s importantes del viejo continente.<\/p>\n<p><strong>As\u00ed Universidad de Chile se convierte en pionero en este tipo de tendencias a nivel nacional y uno de los primeros a nivel latinoamericano.<\/strong><\/p>\n","protected":false},"excerpt":{"rendered":"<p>Se espera que para el debut de hoy frente a los hispanos por los cuartos de final (Ida) del clausura, Universidad de Chile estrene nueva camiseta. Con una edic\u00f3n limitada la U pretende conmemorar un a\u00f1o de la obtenci\u00f3n de la Copa Sudamericana, su t\u00edtulo m\u00e1s importante en sus 85 a\u00f1os de historia.\u00b4La nueva camiseta [&#8230;]<\/p>\n","protected":false},"author":56,"featured_media":4942,"comment_status":"open","ping_status":"open","sticky":false,"template":"","format":"standard","meta":{"footnotes":""},"categories":[18],"tags":[],"class_list":{"0":"post-3333","1":"post","2":"type-post","3":"status-publish","4":"format-standard","5":"has-post-thumbnail","7":"category-actualidad"},"_links":{"self":[{"href":"http:\/\/www.rincondelbulla.cl\/portal\/wp-json\/wp\/v2\/posts\/3333","targetHints":{"allow":["GET"]}}],"collection":[{"href":"http:\/\/www.rincondelbulla.cl\/portal\/wp-json\/wp\/v2\/posts"}],"about":[{"href":"http:\/\/www.rincondelbulla.cl\/portal\/wp-json\/wp\/v2\/types\/post"}],"author":[{"embeddable":true,"href":"http:\/\/www.rincondelbulla.cl\/portal\/wp-json\/wp\/v2\/users\/56"}],"replies":[{"embeddable":true,"href":"http:\/\/www.rincondelbulla.cl\/portal\/wp-json\/wp\/v2\/comments?post=3333"}],"version-history":[{"count":0,"href":"http:\/\/www.rincondelbulla.cl\/portal\/wp-json\/wp\/v2\/posts\/3333\/revisions"}],"wp:featuredmedia":[{"embeddable":true,"href":"http:\/\/www.rincondelbulla.cl\/portal\/wp-json\/wp\/v2\/media\/4942"}],"wp:attachment":[{"href":"http:\/\/www.rincondelbulla.cl\/portal\/wp-json\/wp\/v2\/media?parent=3333"}],"wp:term":[{"taxonomy":"category","embeddable":true,"href":"http:\/\/www.rincondelbulla.cl\/portal\/wp-json\/wp\/v2\/categories?post=3333"},{"taxonomy":"post_tag","embeddable":true,"href":"http:\/\/www.rincondelbulla.cl\/portal\/wp-json\/wp\/v2\/tags?post=3333"}],"curies":[{"name":"wp","href":"https:\/\/api.w.org\/{rel}","templated":true}]}}