{"id":3334,"date":"2012-11-22T00:29:15","date_gmt":"2012-11-22T00:29:15","guid":{"rendered":"http:\/\/www.rincondelbulla.cl\/portal\/?p=3334"},"modified":"2012-11-22T00:29:15","modified_gmt":"2012-11-22T00:29:15","slug":"la-u-no-pudo-doblegar-a-union-espanola-y-ahora-espera-sellar-la-llave-en-el-nacional","status":"publish","type":"post","link":"http:\/\/www.rincondelbulla.cl\/portal\/2012\/11\/22\/la-u-no-pudo-doblegar-a-union-espanola-y-ahora-espera-sellar-la-llave-en-el-nacional\/","title":{"rendered":"La &#8216;U&#8217; no pudo doblegar a Uni\u00f3n Espa\u00f1ola y ahora espera sellar la llave en el Nacional"},"content":{"rendered":"<figure id=\"attachment_4943\" aria-describedby=\"caption-attachment-4943\" style=\"width: 532px\" class=\"wp-caption alignnone\"><img loading=\"lazy\" decoding=\"async\" class=\" size-full wp-image-4943\" src=\"http:\/\/www.rincondelbulla.cl\/portal\/wp-content\/uploads\/2012\/11\/d8cf3ece83acdc19a43d37f85432072d.jpg\" alt=\"Foto: Cooperativa\" class=\"caption\" title=\"La 'U' no logr\u00f3 doblegar en su visita al Santa Laura y buscar\u00e1 sellar la llave en el Nacional\" width=\"532\" height=\"355\" srcset=\"http:\/\/www.rincondelbulla.cl\/portal\/wp-content\/uploads\/2012\/11\/d8cf3ece83acdc19a43d37f85432072d.jpg 532w, http:\/\/www.rincondelbulla.cl\/portal\/wp-content\/uploads\/2012\/11\/d8cf3ece83acdc19a43d37f85432072d-300x200.jpg 300w\" sizes=\"auto, (max-width: 532px) 100vw, 532px\" \/><figcaption id=\"caption-attachment-4943\" class=\"wp-caption-text\">La &#8216;U&#8217; no logr\u00f3 doblegar en su visita al Santa Laura y buscar\u00e1 sellar la llave en el Nacional<\/figcaption><\/figure>\n<div><strong>Universidad de Chile no logr\u00f3 sacar ventajas en la ida de los cuartos de finales de los Playoffs del Clausura y termin\u00f3 igualado sin goles ante Uni\u00f3n Espa\u00f1ola en un entretenido partido. Adem\u00e1s, el conjunto de Jorge Sampaoli lament\u00f3 la sensible lesi\u00f3n del volante Ezequiel Videla, quien sufri\u00f3 una luxaci\u00f3n de r\u00fatula que lo tendr\u00e1 unos seis meses fuera de las canchas.&nbsp;<\/strong><\/div>\n<div>&nbsp;<\/div>\n<div>Estrenando nueva indumentaria, con la camiseta amarilla que conmemoraba el a\u00f1o de la obtenci\u00f3n de la Copa Sudamericana, Universidad de Chile salt\u00f3 a la cancha del Estadio Santa Laura para disputar la ida de los cuartos de final del Clausura y saldar la \u00faltima derrota que sufri\u00f3 en ese mismo reducto. No lo logr\u00f3 y el marcador qued\u00f3 inm\u00f3vil, desplazando la incentidumbre de la llave para la vuelta en el Nacional.&nbsp;<\/div>\n<div>&nbsp;<\/div>\n<div>El dicho popular dice que un empate sin goles equivale a un mal espect\u00e1culo. Sin embargo, el duelo en el recinto de Plaza Chacabuco fue un animado partido, con idas y venidas, con el resultado incierto hasta el final del encuentro. Los dirigidos por Jorge Sampaoli se enfrentaron ante un equipo que los sali\u00f3 a buscar desde los primeros minutos. Esto hizo que resaltara la figura de Johnny Herrera, quien estuvo s\u00f3lido para acallar los gritos de gol del conjunto hispano.&nbsp;<\/div>\n<div>&nbsp;<\/div>\n<div>La &#8216;U&#8217; cre\u00f3 claras opciones de gol en el primer tiempo, por parte de Guti\u00e9rrez y Duma, pero la m\u00e1s clara para lleg\u00f3 a las 57&#8242;, cuando Sebasti\u00e1n Ubilla empalm\u00f3 un centro desde el sector izquierdo y el portero local Eduardo Lobos estuvo notable para despejar el bal\u00f3n en doble instancia. &nbsp;<\/div>\n<div>&nbsp;<\/div>\n<div>Sobre el final, la escuadra del &#8216;Rom\u00e1ntico Viajero&#8217; adelant\u00f3 todas sus l\u00edneas en busca del gol del triunfo, pero no logr\u00f3 concretar las opciones de anotar.&nbsp;<\/div>\n<div>&nbsp;<\/div>\n<div>En tanto, el factor negativo de la jornada fue la grave lesi\u00f3n que sufri\u00f3 el volante argentino Ezequiel Videla, quien hab\u00eda ingresado por el lesionado Sebasti\u00e1n Mart\u00ednez, cuando al saltar en busca del bal\u00f3n cay\u00f3 mal, fractur\u00e1ndose su rodilla izquierda. El primer diagn\u00f3stico arroj\u00f3 luxaci\u00f3n de r\u00fatula, que lo tendr\u00eda cerca de seis meses fuera de las canchas. Una sensible baja para uno que ha visto pocos minutos en el torneo. &nbsp;<\/div>\n","protected":false},"excerpt":{"rendered":"<p>Universidad de Chile no logr\u00f3 sacar ventajas en la ida de los cuartos de finales de los Playoffs del Clausura y termin\u00f3 igualado sin goles ante Uni\u00f3n Espa\u00f1ola en un entretenido partido. Adem\u00e1s, el conjunto de Jorge Sampaoli lament\u00f3 la sensible lesi\u00f3n del volante Ezequiel Videla, quien sufri\u00f3 una luxaci\u00f3n de r\u00fatula que lo tendr\u00e1 [&#8230;]<\/p>\n","protected":false},"author":62,"featured_media":4943,"comment_status":"open","ping_status":"open","sticky":false,"template":"","format":"standard","meta":{"footnotes":""},"categories":[18],"tags":[],"class_list":{"0":"post-3334","1":"post","2":"type-post","3":"status-publish","4":"format-standard","5":"has-post-thumbnail","7":"category-actualidad"},"_links":{"self":[{"href":"http:\/\/www.rincondelbulla.cl\/portal\/wp-json\/wp\/v2\/posts\/3334","targetHints":{"allow":["GET"]}}],"collection":[{"href":"http:\/\/www.rincondelbulla.cl\/portal\/wp-json\/wp\/v2\/posts"}],"about":[{"href":"http:\/\/www.rincondelbulla.cl\/portal\/wp-json\/wp\/v2\/types\/post"}],"author":[{"embeddable":true,"href":"http:\/\/www.rincondelbulla.cl\/portal\/wp-json\/wp\/v2\/users\/62"}],"replies":[{"embeddable":true,"href":"http:\/\/www.rincondelbulla.cl\/portal\/wp-json\/wp\/v2\/comments?post=3334"}],"version-history":[{"count":0,"href":"http:\/\/www.rincondelbulla.cl\/portal\/wp-json\/wp\/v2\/posts\/3334\/revisions"}],"wp:featuredmedia":[{"embeddable":true,"href":"http:\/\/www.rincondelbulla.cl\/portal\/wp-json\/wp\/v2\/media\/4943"}],"wp:attachment":[{"href":"http:\/\/www.rincondelbulla.cl\/portal\/wp-json\/wp\/v2\/media?parent=3334"}],"wp:term":[{"taxonomy":"category","embeddable":true,"href":"http:\/\/www.rincondelbulla.cl\/portal\/wp-json\/wp\/v2\/categories?post=3334"},{"taxonomy":"post_tag","embeddable":true,"href":"http:\/\/www.rincondelbulla.cl\/portal\/wp-json\/wp\/v2\/tags?post=3334"}],"curies":[{"name":"wp","href":"https:\/\/api.w.org\/{rel}","templated":true}]}}