{"id":3335,"date":"2012-11-22T01:32:04","date_gmt":"2012-11-22T01:32:04","guid":{"rendered":"http:\/\/www.rincondelbulla.cl\/portal\/?p=3335"},"modified":"2012-11-22T01:32:04","modified_gmt":"2012-11-22T01:32:04","slug":"marca-personal-ojo-con-la-defensa","status":"publish","type":"post","link":"http:\/\/www.rincondelbulla.cl\/portal\/2012\/11\/22\/marca-personal-ojo-con-la-defensa\/","title":{"rendered":"Marca Personal: ojo con la defensa"},"content":{"rendered":"<figure id=\"attachment_4944\" aria-describedby=\"caption-attachment-4944\" style=\"width: 596px\" class=\"wp-caption alignnone\"><img loading=\"lazy\" decoding=\"async\" class=\" size-full wp-image-4944\" src=\"http:\/\/www.rincondelbulla.cl\/portal\/wp-content\/uploads\/2012\/11\/913534603ab6b4ea8327b4e2c1821517.jpg\" alt=\"Foto: agencia UNO\" class=\"caption\" title=\"Herrera, la figura de la U\" width=\"596\" height=\"464\" srcset=\"http:\/\/www.rincondelbulla.cl\/portal\/wp-content\/uploads\/2012\/11\/913534603ab6b4ea8327b4e2c1821517.jpg 596w, http:\/\/www.rincondelbulla.cl\/portal\/wp-content\/uploads\/2012\/11\/913534603ab6b4ea8327b4e2c1821517-300x234.jpg 300w, http:\/\/www.rincondelbulla.cl\/portal\/wp-content\/uploads\/2012\/11\/913534603ab6b4ea8327b4e2c1821517-539x420.jpg 539w\" sizes=\"auto, (max-width: 596px) 100vw, 596px\" \/><figcaption id=\"caption-attachment-4944\" class=\"wp-caption-text\">Herrera, la figura de la U<\/figcaption><\/figure>\n<p style=\"text-align: justify;\"><b><span style=\"font-family: Arial, sans-serif;\">Universidad de Chile igual\u00f3 sin goles frente a Uni\u00f3n Espa\u00f1ola en su presentaci\u00f3n en los Play Offs del f\u00fatbol chileno. Los Leones van por el tetra, pero falt\u00f3 gol, nuevamente y la defensa estuvo algo floja, aun as\u00ed, los universitarios pudieron quedarse con el partido, agigantando la figura del portero rival. Los azules, hoy fluorescentes, &nbsp;uno a uno, por <i>Rinc\u00f3ndelbulla.<\/i><\/span><\/b><\/p>\n<p style=\"text-align: justify;\"><b><span style=\"font-family: Arial, sans-serif;\"><i> <!--more--> <\/i><\/span><\/b><\/p>\n<p style=\"text-align: justify;\"><b><span style=\"font-family: Arial, sans-serif;\">Johnny Herrera: <\/span><\/b><span style=\"font-family: Arial, sans-serif;\">Excelente cada vez que fue requerido. Siempre atento y bien ubicado. Nota: 7.0 <\/span><\/p>\n<p style=\"text-align: justify;\"><b><span style=\"font-family: Arial, sans-serif;\">Osvaldo Gonz\u00e1lez: <\/span><\/b><span style=\"font-family: Arial, sans-serif;\">Se not\u00f3 algo lento. Perdi\u00f3 en velocidad siempre y se le vio err\u00e1tico. Nota: 4.5<\/span><\/p>\n<p style=\"text-align: justify;\"><b><span style=\"font-family: Arial, sans-serif;\">Paulo Magalhaes: <\/span><\/b><span style=\"font-family: Arial, sans-serif;\">No hizo un mal partido. Corri\u00f3, marc\u00f3, quit\u00f3. Nota: 6.0<\/span><\/p>\n<p style=\"text-align: justify;\"><b><span style=\"font-family: Arial, sans-serif;\">Jos\u00e9 Rojas: <\/span><\/b><span style=\"font-family: Arial, sans-serif;\">Bien atr\u00e1s. Fiero en la marca y sali\u00f3 jugando cuando pudo, aunque, como toda la defensa, se le vio nervioso. Nota: 6.0<b><\/b><\/span><\/p>\n<p style=\"text-align: justify;\"><b><span style=\"font-family: Arial, sans-serif;\">Eugenio Mena: <\/span><\/b><span style=\"font-family: Arial, sans-serif;\">El mejor de los de atr\u00e1s pero jugando arriba. Excelente en los desbordes. Centr\u00f3 con peligro y gener\u00f3 opciones de gol. Nota: 7.0<\/span><\/p>\n<p style=\"text-align: justify;\"><b><span style=\"font-family: Arial, sans-serif;\">Charles Ar\u00e1nguiz: <\/span><\/b><span style=\"font-family: Arial, sans-serif;\">Excelente. Uno de los mejores jugadores de la U, no es novedad. Bien en la marca y en la salida. Nota: 7.0<\/span><\/p>\n<p style=\"text-align: justify;\"><b><span style=\"font-family: Arial, sans-serif;\">Sebasti\u00e1n Mart\u00ednez: <\/span><\/b><span style=\"font-family: Arial, sans-serif;\">Estaba haciendo un excelente partido cuando sufri\u00f3 la lesi\u00f3n. Lamentable.<b><\/b><\/span><\/p>\n<p style=\"text-align: justify;\"><b><span style=\"font-family: Arial, sans-serif;\">Enzo Guti\u00e9rrez: <\/span><\/b><span style=\"font-family: Arial, sans-serif;\">Busc\u00f3 desde atr\u00e1s en un comienzo y termin\u00f3 en el centro del ataque. Tuvo el gol en el primer tiempo. En el segundo gan\u00f3 vario cabezazos. Nota: 6.0<\/span><\/p>\n<p style=\"text-align: justify;\"><b><span style=\"font-family: Arial, sans-serif;\">Gustavo Lorenzetti: <\/span><\/b><span style=\"font-family: Arial, sans-serif;\">Quiz\u00e1s, nuevamente, uno de los m\u00e1s bajos. Err\u00e1tico en la entrega del bal\u00f3n. Nervioso. Nota: 4.0<b><\/b><\/span><\/p>\n<p style=\"text-align: justify;\"><b><span style=\"font-family: Arial, sans-serif;\">Juan Ignacio Duma: <\/span><\/b><span style=\"font-family: Arial, sans-serif;\">Poco. Pele\u00f3 balones, aguant\u00f3, intent\u00f3 pero no pudo. Nota: 5.0<b><\/b><\/span><\/p>\n<p style=\"text-align: justify;\"><b><span style=\"font-family: Arial, sans-serif;\">Sebasti\u00e1n Ubilla: <\/span><\/b><span style=\"font-family: Arial, sans-serif;\">Bien en la orilla. Gener\u00f3 peligro constante. Tuvo el gol pero se lo sacaron en la l\u00ednea. Nota: 6.5<\/span><\/p>\n<p style=\"text-align: justify;\"><b><span style=\"text-decoration: underline;\"><span style=\"font-family: Arial, sans-serif;\">Sustituciones<\/span><\/span><\/b><\/p>\n<p style=\"text-align: justify;\"><b><span style=\"font-family: Arial, sans-serif;\">Ezequiel Videla: <\/span><\/b><span style=\"font-family: Arial, sans-serif;\">Ingres\u00f3 tras la lesi\u00f3n de Mart\u00ednez y hac\u00eda, tambi\u00e9n, un excelente partido cuando sufri\u00f3 una dura lesi\u00f3n. Tambi\u00e9n, muy lamentable.<\/span><\/p>\n<p style=\"text-align: justify;\"><b><span style=\"font-family: Arial, sans-serif;\">Albert Acevedo: <\/span><\/b><span style=\"font-family: Arial, sans-serif;\">Una pena que haya entrado por las dos lesiones pero lo hizo bien. Marc\u00f3 y quit\u00f3. Entrego claridad a la defensa. Nota: 6.0<b><\/b><\/span><\/p>\n<p style=\"text-align: justify;\"><b><span style=\"font-family: Arial, sans-serif;\">Guillermo Marino: <\/span><\/b><span style=\"font-family: Arial, sans-serif;\">Muy bien en los minutos que estuvo en cancha. Gener\u00f3 peligro, condujo el bal\u00f3n y encar\u00f3. Nota: 6.0<b><\/b><\/span><\/p>\n","protected":false},"excerpt":{"rendered":"<p>Universidad de Chile igual\u00f3 sin goles frente a Uni\u00f3n Espa\u00f1ola en su presentaci\u00f3n en los Play Offs del f\u00fatbol chileno. Los Leones van por el tetra, pero falt\u00f3 gol, nuevamente y la defensa estuvo algo floja, aun as\u00ed, los universitarios pudieron quedarse con el partido, agigantando la figura del portero rival. Los azules, hoy fluorescentes, [&#8230;]<\/p>\n","protected":false},"author":57,"featured_media":4944,"comment_status":"open","ping_status":"open","sticky":false,"template":"","format":"standard","meta":{"footnotes":""},"categories":[18],"tags":[],"class_list":{"0":"post-3335","1":"post","2":"type-post","3":"status-publish","4":"format-standard","5":"has-post-thumbnail","7":"category-actualidad"},"_links":{"self":[{"href":"http:\/\/www.rincondelbulla.cl\/portal\/wp-json\/wp\/v2\/posts\/3335","targetHints":{"allow":["GET"]}}],"collection":[{"href":"http:\/\/www.rincondelbulla.cl\/portal\/wp-json\/wp\/v2\/posts"}],"about":[{"href":"http:\/\/www.rincondelbulla.cl\/portal\/wp-json\/wp\/v2\/types\/post"}],"author":[{"embeddable":true,"href":"http:\/\/www.rincondelbulla.cl\/portal\/wp-json\/wp\/v2\/users\/57"}],"replies":[{"embeddable":true,"href":"http:\/\/www.rincondelbulla.cl\/portal\/wp-json\/wp\/v2\/comments?post=3335"}],"version-history":[{"count":0,"href":"http:\/\/www.rincondelbulla.cl\/portal\/wp-json\/wp\/v2\/posts\/3335\/revisions"}],"wp:featuredmedia":[{"embeddable":true,"href":"http:\/\/www.rincondelbulla.cl\/portal\/wp-json\/wp\/v2\/media\/4944"}],"wp:attachment":[{"href":"http:\/\/www.rincondelbulla.cl\/portal\/wp-json\/wp\/v2\/media?parent=3335"}],"wp:term":[{"taxonomy":"category","embeddable":true,"href":"http:\/\/www.rincondelbulla.cl\/portal\/wp-json\/wp\/v2\/categories?post=3335"},{"taxonomy":"post_tag","embeddable":true,"href":"http:\/\/www.rincondelbulla.cl\/portal\/wp-json\/wp\/v2\/tags?post=3335"}],"curies":[{"name":"wp","href":"https:\/\/api.w.org\/{rel}","templated":true}]}}