{"id":3338,"date":"2012-11-25T03:05:50","date_gmt":"2012-11-25T03:05:50","guid":{"rendered":"http:\/\/www.rincondelbulla.cl\/portal\/?p=3338"},"modified":"2012-11-25T03:05:50","modified_gmt":"2012-11-25T03:05:50","slug":"la-previa-el-leon-no-la-tiene-facil","status":"publish","type":"post","link":"http:\/\/www.rincondelbulla.cl\/portal\/2012\/11\/25\/la-previa-el-leon-no-la-tiene-facil\/","title":{"rendered":"La Previa: El le\u00f3n no la tiene f\u00e1cil"},"content":{"rendered":"<p><img loading=\"lazy\" decoding=\"async\" class=\" size-full wp-image-4947\" src=\"http:\/\/www.rincondelbulla.cl\/portal\/wp-content\/uploads\/2012\/11\/3a840151672d21bce15d3ed91de65f4d.jpg\" alt=\"\" width=\"700\" height=\"396\" srcset=\"http:\/\/www.rincondelbulla.cl\/portal\/wp-content\/uploads\/2012\/11\/3a840151672d21bce15d3ed91de65f4d.jpg 700w, http:\/\/www.rincondelbulla.cl\/portal\/wp-content\/uploads\/2012\/11\/3a840151672d21bce15d3ed91de65f4d-300x170.jpg 300w, http:\/\/www.rincondelbulla.cl\/portal\/wp-content\/uploads\/2012\/11\/3a840151672d21bce15d3ed91de65f4d-696x394.jpg 696w\" sizes=\"auto, (max-width: 700px) 100vw, 700px\" \/><\/p>\n<p><strong>Este domingo la \u201cU\u201d se juega mucho m\u00e1s que una clasificaci\u00f3n a la siguiente ronda de los Play Offs. Dependiendo si el resultado es favorable ante los hispanos, se alargar\u00eda por unos partidos la estancia de Jorge Sampaoli. Seg\u00fan los diversos medios chilenos, ya es un hecho que el oriundo de Casilda ocupar\u00eda la banca de la selecci\u00f3n nacional al t\u00e9rmino de la participaci\u00f3n de los azules.<\/strong><\/p>\n<p><strong>&nbsp;<\/strong><\/p>\n<p><strong>Escrito por: Felipe Inostroza<\/strong><\/p>\n<p>  <!--more-->  <\/p>\n<p>Este domingo no ser\u00e1 nada f\u00e1cil para el cuadro laico. El pasado mi\u00e9rcoles se vivi\u00f3 un vibrante partido que tuvo de todo. Una camiseta cuestionada por los hinchas, dos graves lesiones que afectaron al mediocampo azul y una brillante actuaci\u00f3n de los porteros Jhonny Herrera y Eduardo Lobos.<\/p>\n<p>&nbsp;<\/p>\n<p>A las 17.45 de este domingo, saltar\u00e1 a la cancha el cuadro azul y a\u00fan quedan entradas para todas las localidades del Estadio Nacional. Los tickets pueden ser adquiridos hasta hoy v\u00eda Punto Ticket.<\/p>\n<p>La formaci\u00f3n de los azules no tendr\u00eda mayor variante que la del mi\u00e9rcoles. Herrera; Magalhaes, Gonz\u00e1lez, Rojas, Mena; Ar\u00e1nguiz, Guti\u00e9rrez; Ubilla, Duma y Lorenzetti. La \u00fanica duda a\u00fan ser\u00eda quienes suplir\u00e1n el puesto que los lesionados Ezequiel Videla y Sebasti\u00e1n Mart\u00ednez.<\/p>\n","protected":false},"excerpt":{"rendered":"<p>Este domingo la \u201cU\u201d se juega mucho m\u00e1s que una clasificaci\u00f3n a la siguiente ronda de los Play Offs. Dependiendo si el resultado es favorable ante los hispanos, se alargar\u00eda por unos partidos la estancia de Jorge Sampaoli. Seg\u00fan los diversos medios chilenos, ya es un hecho que el oriundo de Casilda ocupar\u00eda la banca [&#8230;]<\/p>\n","protected":false},"author":56,"featured_media":4947,"comment_status":"open","ping_status":"open","sticky":false,"template":"","format":"standard","meta":{"footnotes":""},"categories":[18],"tags":[],"class_list":{"0":"post-3338","1":"post","2":"type-post","3":"status-publish","4":"format-standard","5":"has-post-thumbnail","7":"category-actualidad"},"_links":{"self":[{"href":"http:\/\/www.rincondelbulla.cl\/portal\/wp-json\/wp\/v2\/posts\/3338","targetHints":{"allow":["GET"]}}],"collection":[{"href":"http:\/\/www.rincondelbulla.cl\/portal\/wp-json\/wp\/v2\/posts"}],"about":[{"href":"http:\/\/www.rincondelbulla.cl\/portal\/wp-json\/wp\/v2\/types\/post"}],"author":[{"embeddable":true,"href":"http:\/\/www.rincondelbulla.cl\/portal\/wp-json\/wp\/v2\/users\/56"}],"replies":[{"embeddable":true,"href":"http:\/\/www.rincondelbulla.cl\/portal\/wp-json\/wp\/v2\/comments?post=3338"}],"version-history":[{"count":0,"href":"http:\/\/www.rincondelbulla.cl\/portal\/wp-json\/wp\/v2\/posts\/3338\/revisions"}],"wp:featuredmedia":[{"embeddable":true,"href":"http:\/\/www.rincondelbulla.cl\/portal\/wp-json\/wp\/v2\/media\/4947"}],"wp:attachment":[{"href":"http:\/\/www.rincondelbulla.cl\/portal\/wp-json\/wp\/v2\/media?parent=3338"}],"wp:term":[{"taxonomy":"category","embeddable":true,"href":"http:\/\/www.rincondelbulla.cl\/portal\/wp-json\/wp\/v2\/categories?post=3338"},{"taxonomy":"post_tag","embeddable":true,"href":"http:\/\/www.rincondelbulla.cl\/portal\/wp-json\/wp\/v2\/tags?post=3338"}],"curies":[{"name":"wp","href":"https:\/\/api.w.org\/{rel}","templated":true}]}}