{"id":3357,"date":"2012-12-17T11:33:04","date_gmt":"2012-12-17T11:33:04","guid":{"rendered":"http:\/\/www.rincondelbulla.cl\/portal\/?p=3357"},"modified":"2012-12-17T11:33:04","modified_gmt":"2012-12-17T11:33:04","slug":"lorenzo-reyes-una-de-las-piezas-que-quiere-franco-en-su-tablero","status":"publish","type":"post","link":"http:\/\/www.rincondelbulla.cl\/portal\/2012\/12\/17\/lorenzo-reyes-una-de-las-piezas-que-quiere-franco-en-su-tablero\/","title":{"rendered":"Lorenzo Reyes, una de las piezas que quiere Franco en su tablero"},"content":{"rendered":"<figure id=\"attachment_4966\" aria-describedby=\"caption-attachment-4966\" style=\"width: 619px\" class=\"wp-caption alignnone\"><img loading=\"lazy\" decoding=\"async\" class=\" size-full wp-image-4966\" src=\"http:\/\/www.rincondelbulla.cl\/portal\/wp-content\/uploads\/2012\/12\/a2d28d1cf2e8376bd36df6ba0c6ef1f6.jpg\" alt=\"\" class=\"caption\" title=\"Foto: Google\" width=\"619\" height=\"464\" srcset=\"http:\/\/www.rincondelbulla.cl\/portal\/wp-content\/uploads\/2012\/12\/a2d28d1cf2e8376bd36df6ba0c6ef1f6.jpg 619w, http:\/\/www.rincondelbulla.cl\/portal\/wp-content\/uploads\/2012\/12\/a2d28d1cf2e8376bd36df6ba0c6ef1f6-300x225.jpg 300w, http:\/\/www.rincondelbulla.cl\/portal\/wp-content\/uploads\/2012\/12\/a2d28d1cf2e8376bd36df6ba0c6ef1f6-80x60.jpg 80w, http:\/\/www.rincondelbulla.cl\/portal\/wp-content\/uploads\/2012\/12\/a2d28d1cf2e8376bd36df6ba0c6ef1f6-265x198.jpg 265w, http:\/\/www.rincondelbulla.cl\/portal\/wp-content\/uploads\/2012\/12\/a2d28d1cf2e8376bd36df6ba0c6ef1f6-560x420.jpg 560w\" sizes=\"auto, (max-width: 619px) 100vw, 619px\" \/><figcaption id=\"caption-attachment-4966\" class=\"wp-caption-text\">Foto: Google<\/figcaption><\/figure>\n<p><strong>Ante las ausencias de Ezequiel Videl y Sebasti\u00e1n Mart\u00ednez, Dar\u00edo Franco busca reforzar la zaga azul.<\/strong><\/p>\n<p>  <!--more-->  <\/p>\n<p>La lesi\u00f3n de Ezequiel Videla y la nominaci\u00f3n de Sebasti\u00e1n Mart\u00ednez a la Sub 20 dejar\u00e1 a la Universidad de Chile sin volante de contenci\u00f3n. De esta manera, Azul Azul ya habr\u00eda realizado una oferta por el joven que tambi\u00e9n est\u00e1 siendo sondeado por Colo Colo.<\/p>\n<p>&nbsp;<\/p>\n<p>Considerando la lesi\u00f3n del argentino Ezequiel Videla, Dar\u00edo Franco le solicit\u00f3 a la dirigencia de Azul Azul un nuevo volante de contenci\u00f3n. En este sentido apareci\u00f3 el nombre del joven jugador de Huachipato, Lorenzo Reyes, quien reconoci\u00f3 que no seguir\u00e1 en el cuadro de la Usina.<\/p>\n<p>Con Videla lesionado y Sebasti\u00e1n Mart\u00ednez en el Sudamericano Sub 20, Franco se queda s\u00f3lo con Charles Ar\u00e1nguiz, por lo que se est\u00e1 barajando con fuerza el nombre del sider\u00fargico. Incluso se habla de que la \u00abU\u00bb ya habr\u00eda realizado una ofertas por el volante que tambi\u00e9n pretende Colo Colo.<\/p>\n<p>500 mil d\u00f3lares ser\u00eda la cifra que puso sobre la mesa el cuadro azul, la que por ahora no convence a la dirigencia de Huachipato. Sin embargo, la reciente llegada de Francisco Arru\u00e9 a Talcahuano facilitar\u00eda la salida de Reyes, quien quiere la vitrina que le otorga jugar Copa Libertadores.<\/p>\n<p>&nbsp;<\/p>\n<p>&nbsp;<\/p>\n<p><strong>Fuente: Red Gol.<\/strong><\/p>\n","protected":false},"excerpt":{"rendered":"<p>Ante las ausencias de Ezequiel Videl y Sebasti\u00e1n Mart\u00ednez, Dar\u00edo Franco busca reforzar la zaga azul.<\/p>\n","protected":false},"author":56,"featured_media":4966,"comment_status":"open","ping_status":"open","sticky":false,"template":"","format":"standard","meta":{"footnotes":""},"categories":[18],"tags":[],"class_list":{"0":"post-3357","1":"post","2":"type-post","3":"status-publish","4":"format-standard","5":"has-post-thumbnail","7":"category-actualidad"},"_links":{"self":[{"href":"http:\/\/www.rincondelbulla.cl\/portal\/wp-json\/wp\/v2\/posts\/3357","targetHints":{"allow":["GET"]}}],"collection":[{"href":"http:\/\/www.rincondelbulla.cl\/portal\/wp-json\/wp\/v2\/posts"}],"about":[{"href":"http:\/\/www.rincondelbulla.cl\/portal\/wp-json\/wp\/v2\/types\/post"}],"author":[{"embeddable":true,"href":"http:\/\/www.rincondelbulla.cl\/portal\/wp-json\/wp\/v2\/users\/56"}],"replies":[{"embeddable":true,"href":"http:\/\/www.rincondelbulla.cl\/portal\/wp-json\/wp\/v2\/comments?post=3357"}],"version-history":[{"count":0,"href":"http:\/\/www.rincondelbulla.cl\/portal\/wp-json\/wp\/v2\/posts\/3357\/revisions"}],"wp:featuredmedia":[{"embeddable":true,"href":"http:\/\/www.rincondelbulla.cl\/portal\/wp-json\/wp\/v2\/media\/4966"}],"wp:attachment":[{"href":"http:\/\/www.rincondelbulla.cl\/portal\/wp-json\/wp\/v2\/media?parent=3357"}],"wp:term":[{"taxonomy":"category","embeddable":true,"href":"http:\/\/www.rincondelbulla.cl\/portal\/wp-json\/wp\/v2\/categories?post=3357"},{"taxonomy":"post_tag","embeddable":true,"href":"http:\/\/www.rincondelbulla.cl\/portal\/wp-json\/wp\/v2\/tags?post=3357"}],"curies":[{"name":"wp","href":"https:\/\/api.w.org\/{rel}","templated":true}]}}