{"id":3358,"date":"2012-12-17T11:38:17","date_gmt":"2012-12-17T11:38:17","guid":{"rendered":"http:\/\/www.rincondelbulla.cl\/portal\/?p=3358"},"modified":"2012-12-17T11:38:17","modified_gmt":"2012-12-17T11:38:17","slug":"el-equipo-de-jadue-es-la-traba-de-ramon-fernandez","status":"publish","type":"post","link":"http:\/\/www.rincondelbulla.cl\/portal\/2012\/12\/17\/el-equipo-de-jadue-es-la-traba-de-ramon-fernandez\/","title":{"rendered":"El equipo de Jadue es la traba de Ram\u00f3n Fern\u00e1ndez"},"content":{"rendered":"<p><img loading=\"lazy\" decoding=\"async\" class=\" size-full wp-image-4967\" src=\"http:\/\/www.rincondelbulla.cl\/portal\/wp-content\/uploads\/2012\/12\/9c02282dcc44d8c1f5404695939c53ac.jpg\" alt=\"Foto: Google\" width=\"600\" height=\"290\" srcset=\"http:\/\/www.rincondelbulla.cl\/portal\/wp-content\/uploads\/2012\/12\/9c02282dcc44d8c1f5404695939c53ac.jpg 600w, http:\/\/www.rincondelbulla.cl\/portal\/wp-content\/uploads\/2012\/12\/9c02282dcc44d8c1f5404695939c53ac-300x145.jpg 300w\" sizes=\"auto, (max-width: 600px) 100vw, 600px\" \/><\/p>\n<p><strong>El jugador viaj\u00f3 a Argentina esperando volver para integrarse a los trabajos en el CDA. <!--more--> <\/strong> En O\u2019Higgins afirmaron que los contratos est\u00e1n redactados y esperando la firma del mediocampista. Adem\u00e1s, hoy se inform\u00f3 que llamado de Jadue a Abumohor estanc\u00f3 las negociaciones.<br \/>Ram\u00f3n Fern\u00e1ndez no tiene claro su futuro. De igual forma, el mediocampista de O\u2019Higgins viaj\u00f3 a su natal Formosa, con la esperanza de poder integrarse a la pretemporada de Universidad de Chile cuando regrese al Chile el 27 de diciembre.<\/p>\n<p>\u201cMe voy tranquilo, porque me dijeron que est\u00e1 todo bien encaminado. S\u00f3lo hay que esperar que todas las partes se pongan de acuerdo\u201d, dijo el trasandino antes de partir.<\/p>\n<p>Las trabas en las negociaciones est\u00e1n en 100 mil d\u00f3lares, que Uni\u00f3n La Calera (due\u00f1a del 25 por ciento del pase del jugador) solicit\u00f3 a O\u2019Higgins para cerrar las negociaciones.<\/p>\n<p>Los rancag\u00fcinos son propietarios de la mitad de la carta de Ram\u00f3n Fern\u00e1ndez, mientras que el otro 25 por ciento pertenece al agente argentino, Jorge Cysterpiller.<\/p>\n<p>\u201cNo es mucho lo que yo puedo hacer. El jugador lleg\u00f3 a un acuerdo con la U. El resto se lo tienen que preguntar a cada parte involucrada\u201d, expuso el representante a La Tercera.<\/p>\n<p>&nbsp;<\/p>\n<p><strong>Fuente: Red Gol<\/strong><\/p>\n<p>Los dineros de la transferencia estaban pactados en un mill\u00f3n de d\u00f3lares para el club celeste, y 300 mil de la divisa norteamericana para Cysterpiller y para La Calera.<\/p>\n<p>\u201cLos contratos est\u00e1n redactados hace varios d\u00edas y deben ser firmados por La Calera y el representante de Fern\u00e1ndez\u201d, reconoci\u00f3 una fuente de O\u2019Higgins a espera de que los Cementeros no impidan la venta del 10 que esperan los azules.<\/p>\n<p>FACTOR JADUE<\/p>\n<p>Sobre el estancamiento de las negociaciones entre Universidad de Chile y O\u2019Higgins por Ram\u00f3n Fern\u00e1ndez, esta jornada, El Mercurio inform\u00f3 que las trabas est\u00e1n detenidas en 100 mil d\u00f3lares m\u00e1s que pretende recibir La Calera.<\/p>\n<p>El matutino consigna que una llamada de Sergio Jadue, presidente de la ANFP y ex mandam\u00e1s del cuadro cementero, a Ricardo Abumohor (timonel de O\u2019Higgins), fren\u00f3 la firma de Fern\u00e1ndez en la U por considerar el monto una injusticia.<\/p>\n<p>\u201cSin perder mi imparcialidad como presidente de la ANFP, trat\u00e9 de tender puentes entre dos instituciones del f\u00fatbol chileno. Jam\u00e1s har\u00eda algo que atentara contra la imparcialidad de mi cargo\u201d, manifest\u00f3 Jadue.<\/p>\n<p>Agreg\u00f3 que \u201cya lo hice en el problema del autodespido de Fernando Meneses para intentar acercar posiciones entre la UC y la U, tambi\u00e9n con Santiago Morning y Colo Colo por el conflicto de la venta del pase de Esteban Paredes\u201d.<\/p>\n<p>Cerca del mediod\u00eda, Jadue fue contactado por radio cooperativa para referirse al tema, pero el presidente de la ANFP no quiso referirse al tema argumentando que se encuentra en la playa con su familia.<\/p>\n","protected":false},"excerpt":{"rendered":"<p>El jugador viaj\u00f3 a Argentina esperando volver para integrarse a los trabajos en el CDA.<\/p>\n","protected":false},"author":56,"featured_media":4967,"comment_status":"open","ping_status":"open","sticky":false,"template":"","format":"standard","meta":{"footnotes":""},"categories":[18],"tags":[],"class_list":{"0":"post-3358","1":"post","2":"type-post","3":"status-publish","4":"format-standard","5":"has-post-thumbnail","7":"category-actualidad"},"_links":{"self":[{"href":"http:\/\/www.rincondelbulla.cl\/portal\/wp-json\/wp\/v2\/posts\/3358","targetHints":{"allow":["GET"]}}],"collection":[{"href":"http:\/\/www.rincondelbulla.cl\/portal\/wp-json\/wp\/v2\/posts"}],"about":[{"href":"http:\/\/www.rincondelbulla.cl\/portal\/wp-json\/wp\/v2\/types\/post"}],"author":[{"embeddable":true,"href":"http:\/\/www.rincondelbulla.cl\/portal\/wp-json\/wp\/v2\/users\/56"}],"replies":[{"embeddable":true,"href":"http:\/\/www.rincondelbulla.cl\/portal\/wp-json\/wp\/v2\/comments?post=3358"}],"version-history":[{"count":0,"href":"http:\/\/www.rincondelbulla.cl\/portal\/wp-json\/wp\/v2\/posts\/3358\/revisions"}],"wp:featuredmedia":[{"embeddable":true,"href":"http:\/\/www.rincondelbulla.cl\/portal\/wp-json\/wp\/v2\/media\/4967"}],"wp:attachment":[{"href":"http:\/\/www.rincondelbulla.cl\/portal\/wp-json\/wp\/v2\/media?parent=3358"}],"wp:term":[{"taxonomy":"category","embeddable":true,"href":"http:\/\/www.rincondelbulla.cl\/portal\/wp-json\/wp\/v2\/categories?post=3358"},{"taxonomy":"post_tag","embeddable":true,"href":"http:\/\/www.rincondelbulla.cl\/portal\/wp-json\/wp\/v2\/tags?post=3358"}],"curies":[{"name":"wp","href":"https:\/\/api.w.org\/{rel}","templated":true}]}}