{"id":3359,"date":"2012-12-19T11:20:43","date_gmt":"2012-12-19T11:20:43","guid":{"rendered":"http:\/\/www.rincondelbulla.cl\/portal\/?p=3359"},"modified":"2012-12-19T11:20:43","modified_gmt":"2012-12-19T11:20:43","slug":"fin-de-la-teleserie-fernandez-firma-la-proxima-semana","status":"publish","type":"post","link":"http:\/\/www.rincondelbulla.cl\/portal\/2012\/12\/19\/fin-de-la-teleserie-fernandez-firma-la-proxima-semana\/","title":{"rendered":"Fin de la teleserie Fern\u00e1ndez: Firma la pr\u00f3xima semana"},"content":{"rendered":"<figure id=\"attachment_4968\" aria-describedby=\"caption-attachment-4968\" style=\"width: 600px\" class=\"wp-caption alignnone\"><img loading=\"lazy\" decoding=\"async\" class=\" size-full wp-image-4968\" src=\"http:\/\/www.rincondelbulla.cl\/portal\/wp-content\/uploads\/2012\/12\/47ab0225f9c5e32d052e6b9f4fb07fea.jpg\" alt=\"\" class=\"caption\" title=\"Foto: Google\" width=\"600\" height=\"290\" srcset=\"http:\/\/www.rincondelbulla.cl\/portal\/wp-content\/uploads\/2012\/12\/47ab0225f9c5e32d052e6b9f4fb07fea.jpg 600w, http:\/\/www.rincondelbulla.cl\/portal\/wp-content\/uploads\/2012\/12\/47ab0225f9c5e32d052e6b9f4fb07fea-300x145.jpg 300w\" sizes=\"auto, (max-width: 600px) 100vw, 600px\" \/><figcaption id=\"caption-attachment-4968\" class=\"wp-caption-text\">Foto: Google<\/figcaption><\/figure>\n<p><strong>Hoy se r\u00fanen las partes de O\u00bbHiggins y Uni\u00f3n Calera parazanjar los US$100 mil por los que intervino Sergio Jadue. El jugador se integrar\u00eda el 27 de este mes a la pretemporada azul. <!--more--> <\/strong>Ram\u00f3n Fern\u00e1ndez est\u00e1 tranquilo. En Argentina, el volante est\u00e1 al tanto de los \u00faltimos detalles que involucran su traspaso a Universidad de Chile, a cambio de US$ 1,6 millones. De hecho, ayer Jorge Cizterpiller, agente y due\u00f1o del 25% del pase, estuvo en contacto con O\u2019Higgins, due\u00f1o del 50% de la carta, y con Uni\u00f3n La Calera, para allanar el arribo del jugador transandino al CDA.<\/p>\n<p><strong>\u201cYo ya me siento jugador de la \u2018U\u2019. Me vine para Argentina, tranquilo, pensando en que ya estoy en Universidad de Chile. Habl\u00e9 con mi representante y est\u00e1 todo bien. El 26 de diciembre llegar\u00e9 a firmar a Santiago, porque me dijeron que se acord\u00f3 sellar mi nuevo v\u00ednculo ese d\u00eda\u201d<\/strong>, reconoci\u00f3 Fern\u00e1ndez.<\/p>\n<p><strong>\u201cLa \u2018U\u2019 no va a entregar los US$ 100 mil extra que pidieron a nombre de La Calera, pero la operaci\u00f3n debiese allanarse y estamos a la espera. Los contratos est\u00e1n redactados y s\u00f3lo resta las firmas respectivas de las partes\u201d<\/strong>, comentaban ayer en Azul Azul, dando luces de una situaci\u00f3n que est\u00e1 en manos del club rancag\u00fcino.<\/p>\n<p>En este contexto, la regencia celeste tiene contemplado hablar hoy con sus pares de La Calera para zanjar el problema.<\/p>\n<p>Sobre los US$ 100 mil extra, a los US$ 300 mil que los caleranos acordaron inicialmente recibir, Fern\u00e1ndez fue claro sobre tal pedido de los \u201ccementeros\u201d.<\/p>\n<p><strong>\u201cYo no s\u00e9 c\u00f3mo se manejar\u00e1n (los dirigentes), no tengo mucho que opinar. Les ped\u00ed a mi representante y a la gente de O\u2019Higgins que intercedieran para que se pueda dar mi traspaso. Me vine a Argentina, porque me dijeron que ya estaba todo listo&#8230; Me sorprendi\u00f3 la actitud de La Calera. S\u00e9 que el club tiene muchos jugadores repartidos y, por ah\u00ed, los que est\u00e1n quieren agarrar de todo un poco\u201d<\/strong>, a\u00f1adi\u00f3 Fern\u00e1ndez.<\/p>\n<p>&nbsp;<\/p>\n<p>Fuente: La Tercera<\/p>\n","protected":false},"excerpt":{"rendered":"<p>Hoy se r\u00fanen las partes de O\u00bbHiggins y Uni\u00f3n Calera parazanjar los US$100 mil por los que intervino Sergio Jadue. El jugador se integrar\u00eda el 27 de este mes a la pretemporada azul.<\/p>\n","protected":false},"author":56,"featured_media":4968,"comment_status":"open","ping_status":"open","sticky":false,"template":"","format":"standard","meta":{"footnotes":""},"categories":[18],"tags":[],"class_list":{"0":"post-3359","1":"post","2":"type-post","3":"status-publish","4":"format-standard","5":"has-post-thumbnail","7":"category-actualidad"},"_links":{"self":[{"href":"http:\/\/www.rincondelbulla.cl\/portal\/wp-json\/wp\/v2\/posts\/3359","targetHints":{"allow":["GET"]}}],"collection":[{"href":"http:\/\/www.rincondelbulla.cl\/portal\/wp-json\/wp\/v2\/posts"}],"about":[{"href":"http:\/\/www.rincondelbulla.cl\/portal\/wp-json\/wp\/v2\/types\/post"}],"author":[{"embeddable":true,"href":"http:\/\/www.rincondelbulla.cl\/portal\/wp-json\/wp\/v2\/users\/56"}],"replies":[{"embeddable":true,"href":"http:\/\/www.rincondelbulla.cl\/portal\/wp-json\/wp\/v2\/comments?post=3359"}],"version-history":[{"count":0,"href":"http:\/\/www.rincondelbulla.cl\/portal\/wp-json\/wp\/v2\/posts\/3359\/revisions"}],"wp:featuredmedia":[{"embeddable":true,"href":"http:\/\/www.rincondelbulla.cl\/portal\/wp-json\/wp\/v2\/media\/4968"}],"wp:attachment":[{"href":"http:\/\/www.rincondelbulla.cl\/portal\/wp-json\/wp\/v2\/media?parent=3359"}],"wp:term":[{"taxonomy":"category","embeddable":true,"href":"http:\/\/www.rincondelbulla.cl\/portal\/wp-json\/wp\/v2\/categories?post=3359"},{"taxonomy":"post_tag","embeddable":true,"href":"http:\/\/www.rincondelbulla.cl\/portal\/wp-json\/wp\/v2\/tags?post=3359"}],"curies":[{"name":"wp","href":"https:\/\/api.w.org\/{rel}","templated":true}]}}