{"id":3360,"date":"2012-12-19T11:30:12","date_gmt":"2012-12-19T11:30:12","guid":{"rendered":"http:\/\/www.rincondelbulla.cl\/portal\/?p=3360"},"modified":"2012-12-19T11:30:12","modified_gmt":"2012-12-19T11:30:12","slug":"eugenio-mena-se-convertira-en-el-nuevo-refuerzo-del-santos-de-brasil","status":"publish","type":"post","link":"http:\/\/www.rincondelbulla.cl\/portal\/2012\/12\/19\/eugenio-mena-se-convertira-en-el-nuevo-refuerzo-del-santos-de-brasil\/","title":{"rendered":"Eugenio Mena se convertir\u00e1 en el nuevo refuerzo del Santos de Brasil"},"content":{"rendered":"<p><img loading=\"lazy\" decoding=\"async\" class=\" size-full wp-image-4969\" src=\"http:\/\/www.rincondelbulla.cl\/portal\/wp-content\/uploads\/2012\/12\/672afa8031e8618a8e9b5df0ce808169.jpg\" alt=\"\" width=\"700\" height=\"396\" srcset=\"http:\/\/www.rincondelbulla.cl\/portal\/wp-content\/uploads\/2012\/12\/672afa8031e8618a8e9b5df0ce808169.jpg 700w, http:\/\/www.rincondelbulla.cl\/portal\/wp-content\/uploads\/2012\/12\/672afa8031e8618a8e9b5df0ce808169-300x170.jpg 300w, http:\/\/www.rincondelbulla.cl\/portal\/wp-content\/uploads\/2012\/12\/672afa8031e8618a8e9b5df0ce808169-696x394.jpg 696w\" sizes=\"auto, (max-width: 700px) 100vw, 700px\" \/><\/p>\n<p><strong>Santos se potencia a costa de la U, mientras tanto Dar\u00edo Franco ya piensa en un reeplazante del \u00abChueco\u00bb. <!--more--> <\/strong>Eugenio Mena cuenta las horas para emigrar de Universidad de Chile. Ya en el \u00faltimo directorio de Azul Azul se comunic\u00f3 la inminente venta del \u201cChueco\u201d al Santos, luego de que el cuadro brasile\u00f1o acercara los US$ 3 millones que se estipulan como cl\u00e1usula de salida.<\/p>\n<p>Esta, eso s\u00ed, opera a partir de junio, por lo que la regencia laica y sus pares santistas negocian un monto mayor en la transferencia, a fin de allanar su ida inmediata.<\/p>\n<p><strong>\u201cMena se va a Santos, s\u00f3lo restan detalles&#8230; El puesto que dejar\u00e1 Mena est\u00e1 cubierto por Cereceda y Civelli\u201d<\/strong>, adelantan en Azul Azul.<\/p>\n<p>La dirigencia busca un central. Dar\u00edo Franco mira al argentino Osvaldo Barsottini, quien est\u00e1 a pr\u00e9stamo en Gimnasia y Esgrima, pero su pase pertenece a Instituto de C\u00f3rdoba, justamente el ex equipo de Franco.<\/p>\n<p>Igualmente, esperan una rebaja desde Huachipato en el pase de Lorenzo Reyes para sumarlo.<\/p>\n<p>&nbsp;<\/p>\n<p><strong>Fuente: La Tercera<\/strong><\/p>\n","protected":false},"excerpt":{"rendered":"<p>Santos se potencia a costa de la U, mientras tanto Dar\u00edo Franco ya piensa en un reeplazante del \u00abChueco\u00bb.<\/p>\n","protected":false},"author":56,"featured_media":4969,"comment_status":"open","ping_status":"open","sticky":false,"template":"","format":"standard","meta":{"footnotes":""},"categories":[18],"tags":[],"class_list":{"0":"post-3360","1":"post","2":"type-post","3":"status-publish","4":"format-standard","5":"has-post-thumbnail","7":"category-actualidad"},"_links":{"self":[{"href":"http:\/\/www.rincondelbulla.cl\/portal\/wp-json\/wp\/v2\/posts\/3360","targetHints":{"allow":["GET"]}}],"collection":[{"href":"http:\/\/www.rincondelbulla.cl\/portal\/wp-json\/wp\/v2\/posts"}],"about":[{"href":"http:\/\/www.rincondelbulla.cl\/portal\/wp-json\/wp\/v2\/types\/post"}],"author":[{"embeddable":true,"href":"http:\/\/www.rincondelbulla.cl\/portal\/wp-json\/wp\/v2\/users\/56"}],"replies":[{"embeddable":true,"href":"http:\/\/www.rincondelbulla.cl\/portal\/wp-json\/wp\/v2\/comments?post=3360"}],"version-history":[{"count":0,"href":"http:\/\/www.rincondelbulla.cl\/portal\/wp-json\/wp\/v2\/posts\/3360\/revisions"}],"wp:featuredmedia":[{"embeddable":true,"href":"http:\/\/www.rincondelbulla.cl\/portal\/wp-json\/wp\/v2\/media\/4969"}],"wp:attachment":[{"href":"http:\/\/www.rincondelbulla.cl\/portal\/wp-json\/wp\/v2\/media?parent=3360"}],"wp:term":[{"taxonomy":"category","embeddable":true,"href":"http:\/\/www.rincondelbulla.cl\/portal\/wp-json\/wp\/v2\/categories?post=3360"},{"taxonomy":"post_tag","embeddable":true,"href":"http:\/\/www.rincondelbulla.cl\/portal\/wp-json\/wp\/v2\/tags?post=3360"}],"curies":[{"name":"wp","href":"https:\/\/api.w.org\/{rel}","templated":true}]}}