{"id":3362,"date":"2013-01-02T11:56:58","date_gmt":"2013-01-02T11:56:58","guid":{"rendered":"http:\/\/www.rincondelbulla.cl\/portal\/?p=3362"},"modified":"2013-01-02T11:56:58","modified_gmt":"2013-01-02T11:56:58","slug":"lesion-de-civelli-abre-las-puertas-a-passaglia-en-la-u","status":"publish","type":"post","link":"http:\/\/www.rincondelbulla.cl\/portal\/2013\/01\/02\/lesion-de-civelli-abre-las-puertas-a-passaglia-en-la-u\/","title":{"rendered":"Lesi\u00f3n de Civelli abre las puertas a Passaglia en la U"},"content":{"rendered":"<figure id=\"attachment_4971\" aria-describedby=\"caption-attachment-4971\" style=\"width: 380px\" class=\"wp-caption alignnone\"><img loading=\"lazy\" decoding=\"async\" class=\" size-full wp-image-4971\" src=\"http:\/\/www.rincondelbulla.cl\/portal\/wp-content\/uploads\/2013\/01\/e580911a9182201ea527f54ea899b9bc.jpg\" alt=\"\" class=\"caption\" title=\"Foto: Google\" width=\"380\" height=\"230\" srcset=\"http:\/\/www.rincondelbulla.cl\/portal\/wp-content\/uploads\/2013\/01\/e580911a9182201ea527f54ea899b9bc.jpg 380w, http:\/\/www.rincondelbulla.cl\/portal\/wp-content\/uploads\/2013\/01\/e580911a9182201ea527f54ea899b9bc-300x182.jpg 300w\" sizes=\"auto, (max-width: 380px) 100vw, 380px\" \/><figcaption id=\"caption-attachment-4971\" class=\"wp-caption-text\">Foto: Google<\/figcaption><\/figure>\n<p>Hoy se someter\u00e1 a una intervenci\u00f3n quir\u00farquica al refuerzo m\u00e1s caro de Universidad de Chile del segundo semestre del 2012, se especula que estar\u00e1 fuera de las canchas por sies meses. <!--more--> Apenas asumi\u00f3 en Universidad de Chile, el t\u00e9cnico Dar\u00edo Franco solicit\u00f3 la permenanencia en el plantel de Juan Pablo Passaglia. <strong>El volante, que lleg\u00f3 al club en julio pasado sin el consentimiento de Jorge Sampaoli y fue enviado a pr\u00e9stamo a Deportes La Serena<\/strong>, hab\u00eda sido dirigido por el entrenador en San Mart\u00edn de San Juan hace un par de temporadas, por lo que exist\u00eda un conocimiento sobre su estilo de juego que en alg\u00fan momento pod\u00eda serle \u00fatil.<\/p>\n<p>M\u00e1s all\u00e1 de que el cupo de extranjeros estaba lleno, luego de la incorporaci\u00f3n de Ram\u00f3n Fern\u00e1ndez, Franco sab\u00eda que las cosas pod\u00edan cambiar a medida que fuera avanzando la pretemporada, principalmente en el tema de los for\u00e1neos.<\/p>\n<p>Aunque durante las \u00faltimas semanas se especul\u00f3 con una posible salida de Guillermo Marino y Gustavo Lorenzetti, el entrenador les comunic\u00f3 a ambos que los iba a tener en cuenta y que no les hicieran caso a los rumores. Para Franco, era primordial saber el estado de salud de Luciano Civelli, el gran precio de Azul Azul para el segundo semestre de 2012 y que a ra\u00edz de una rebelde pubalgia pr\u00e1cticamente no pudo jugar, y si llegado el caso iba a poder contar con \u00e9l finalmente.<\/p>\n<p><strong>\u00abLuciano a\u00fan no est\u00e1 en \u00f3ptimas condiciones para sumarse a la pretemporada\u00bb, hab\u00eda reconocido el propio t\u00e9cnico, tras dirigir su primer entrenamiento<\/strong> en el CDA. D\u00edas despu\u00e9s, el jugador y el cuerpo m\u00e9dico tomaron la decisi\u00f3n de que lo mejor era operarse este mi\u00e9rcoles, entendiendo que el volante s\u00f3lo utiliza para su rehabilitaci\u00f3n m\u00e9todos naturales, evitando las infiltraciones que eventualmete pudieran acelerar su vuelta a los entrenamientos.<\/p>\n<p>Confirmado entonces lo de Civelli, que estar\u00e1, en principio, seis meses fuera de las canchas y, por ende, se perder\u00e1 todo el Apertura y la Copa Chile, el estratego les comunic\u00f3 a los directivos de Azul Azul que no salieran a buscar por ahora a ning\u00fan extranjero.<strong> \u00abLo que necesito lo tengo en el club. As\u00ed es que no nos volvamos locos\u00bb, les se\u00f1al\u00f3, muy tranquilo.<\/strong><\/p>\n<p>As\u00ed, casi sin querer, Passaglia pasaba a convertirse en el nuevo volante central del cuadro universitario, justo en momentos en que escaseaban nombres para ese puesto, ya que Sebasti\u00e1n Mart\u00ednez estar\u00e1 durante todo el mes participando en el Sudamericano Sub 20 y Ezequiel Videla reci\u00e9n podr\u00eda jugar en marzo pr\u00f3ximo. Para colmo, el reemplazante natural cuando algunos de esos dos se ausentaban, Albert Acevedo, estar\u00e1 en la Selecci\u00f3n con Sampaoli hasta el 20.<\/p>\n<p><strong>\u00abJuan Pablo tiene posesi\u00f3n, din\u00e1mica y buen manejo de pelota\u00bb, reconocen desde el cuerpo t\u00e9cnico de Dar\u00edo Franco<\/strong>, que con la inclusi\u00f3n de Passaglia dejar\u00edan de lado la posibilidad de firmar en lo inmediato a Lorenzo Reyes y Gonzalo Espinoza, las otras alternativas que manejaba la dirigencia para el puesto de volante central.<\/p>\n<p>Eso s\u00ed, el entrenador aguarda la llegada de un zaguero central. Y en esa direcci\u00f3n, el nombre de Carlos Labr\u00edn sum\u00f3 votos en estos d\u00edas.<\/p>\n<p>&nbsp;<\/p>\n<p><span id=\"_mce_caret\" data-mce-bogus=\"true\"><strong>Fuente : La Tercera<\/strong><\/span><\/p>\n","protected":false},"excerpt":{"rendered":"<p>Hoy se someter\u00e1 a una intervenci\u00f3n quir\u00farquica al refuerzo m\u00e1s caro de Universidad de Chile del segundo semestre del 2012, se especula que estar\u00e1 fuera de las canchas por sies meses.<\/p>\n","protected":false},"author":56,"featured_media":4971,"comment_status":"open","ping_status":"open","sticky":false,"template":"","format":"standard","meta":{"footnotes":""},"categories":[18],"tags":[],"class_list":{"0":"post-3362","1":"post","2":"type-post","3":"status-publish","4":"format-standard","5":"has-post-thumbnail","7":"category-actualidad"},"_links":{"self":[{"href":"http:\/\/www.rincondelbulla.cl\/portal\/wp-json\/wp\/v2\/posts\/3362","targetHints":{"allow":["GET"]}}],"collection":[{"href":"http:\/\/www.rincondelbulla.cl\/portal\/wp-json\/wp\/v2\/posts"}],"about":[{"href":"http:\/\/www.rincondelbulla.cl\/portal\/wp-json\/wp\/v2\/types\/post"}],"author":[{"embeddable":true,"href":"http:\/\/www.rincondelbulla.cl\/portal\/wp-json\/wp\/v2\/users\/56"}],"replies":[{"embeddable":true,"href":"http:\/\/www.rincondelbulla.cl\/portal\/wp-json\/wp\/v2\/comments?post=3362"}],"version-history":[{"count":0,"href":"http:\/\/www.rincondelbulla.cl\/portal\/wp-json\/wp\/v2\/posts\/3362\/revisions"}],"wp:featuredmedia":[{"embeddable":true,"href":"http:\/\/www.rincondelbulla.cl\/portal\/wp-json\/wp\/v2\/media\/4971"}],"wp:attachment":[{"href":"http:\/\/www.rincondelbulla.cl\/portal\/wp-json\/wp\/v2\/media?parent=3362"}],"wp:term":[{"taxonomy":"category","embeddable":true,"href":"http:\/\/www.rincondelbulla.cl\/portal\/wp-json\/wp\/v2\/categories?post=3362"},{"taxonomy":"post_tag","embeddable":true,"href":"http:\/\/www.rincondelbulla.cl\/portal\/wp-json\/wp\/v2\/tags?post=3362"}],"curies":[{"name":"wp","href":"https:\/\/api.w.org\/{rel}","templated":true}]}}