{"id":3363,"date":"2013-01-02T21:46:57","date_gmt":"2013-01-02T21:46:57","guid":{"rendered":"http:\/\/www.rincondelbulla.cl\/portal\/?p=3363"},"modified":"2013-01-02T21:46:57","modified_gmt":"2013-01-02T21:46:57","slug":"para-isaac-diaz-la-u-siempre-ha-estado-unos-peldanos-mas-arriba-que-colo-colo","status":"publish","type":"post","link":"http:\/\/www.rincondelbulla.cl\/portal\/2013\/01\/02\/para-isaac-diaz-la-u-siempre-ha-estado-unos-peldanos-mas-arriba-que-colo-colo\/","title":{"rendered":"Isaac D\u00edaz: \u00abEstoy en el equipo m\u00e1s grande de Chile\u00bb"},"content":{"rendered":"<figure id=\"attachment_4972\" aria-describedby=\"caption-attachment-4972\" style=\"width: 470px\" class=\"wp-caption alignnone\"><img loading=\"lazy\" decoding=\"async\" class=\" size-full wp-image-4972\" src=\"http:\/\/www.rincondelbulla.cl\/portal\/wp-content\/uploads\/2013\/01\/72c9c2ea2586b2018b8e6a5bc7bcc228.jpg\" alt=\"\" class=\"caption\" title=\"Foto: Google\" width=\"470\" height=\"339\" srcset=\"http:\/\/www.rincondelbulla.cl\/portal\/wp-content\/uploads\/2013\/01\/72c9c2ea2586b2018b8e6a5bc7bcc228.jpg 470w, http:\/\/www.rincondelbulla.cl\/portal\/wp-content\/uploads\/2013\/01\/72c9c2ea2586b2018b8e6a5bc7bcc228-300x216.jpg 300w, http:\/\/www.rincondelbulla.cl\/portal\/wp-content\/uploads\/2013\/01\/72c9c2ea2586b2018b8e6a5bc7bcc228-324x235.jpg 324w\" sizes=\"auto, (max-width: 470px) 100vw, 470px\" \/><figcaption id=\"caption-attachment-4972\" class=\"wp-caption-text\">Foto: Google<\/figcaption><\/figure>\n<p><strong>En conferencia de prensa realizada hoy, el nuevo atacante universitario se refiri\u00f3 a la adaptaci\u00f3n del grupo al esquema de Dar\u00edo Franco y a los \u00faltimos torneos en donde la U ha sido claro protagonista.<\/strong><\/p>\n<p>  <!--more-->  <\/p>\n<p>Ansioso se mostr\u00f3 el nuevo atacante de la Universidad de Chile, Isaac D\u00edaz, sobre el pr\u00f3ximo estreno vistiendo la camiseta azul. <strong>\u00abQuiero empezar a jugar los partidos amistosos y dar buenas impresiones\u00bb, expres\u00f3 el joven delantero.<\/strong><\/p>\n<p>&nbsp;<\/p>\n<p>Es que D\u00edaz ya se siente azul, por lo que, de inmediato, tom\u00f3 posici\u00f3n para responder al archirrival, Colo Colo, desde donde manifestaron que esperan s\u00ed o s\u00ed obtener el t\u00edtulo este a\u00f1o.<\/p>\n<p><strong>\u00abEllos se reforzaron con buenos jugadores, pero para m\u00ed, que segu\u00ed las campa\u00f1as pasadas desde afuera, la \u00abU\u00bb siempre estuvo unos pelda\u00f1os m\u00e1s arriba que colo colo y ahora lo queremos seguir demostrando\u00bb, puntualiz\u00f3 el ex \u00d1ublense.<\/strong><\/p>\n<p>El ariete continu\u00f3 sus comentarios indicando que<strong> \u00abestoy en el equipo m\u00e1s grande de Chile y debo responder el llamado que me hicieron\u00bb<\/strong>.<\/p>\n<p>Adem\u00e1s, coment\u00f3 sentirse c\u00f3modo con el esquema que intentar\u00e1 poner en cancha el t\u00e9cnico Dar\u00edo Franco. <strong>\u00abJugar con tres delanteros ser\u00e1 muy bueno para m\u00ed y para un equipo como la \u00abU\u00bb que est\u00e1 acostrumbrado a atacar\u00bb<\/strong>, agreg\u00f3 D\u00edaz, se\u00f1alando que poco a poco van entendiendo la ideolog\u00eda de juego del trasandino.<\/p>\n<p>Sin embargo, el ex \u00d1ublense no tiene un puesto asegurado en el once azul, y eso el atacante lo sabe. Adem\u00e1s, est\u00e1 Enzo Guti\u00e9rrez y Juan Ignacio Duma, que tuvo un buen debut y a Franco le agradar\u00eda usarlo como \u00ab9\u00bb.<\/p>\n<p>Pero la competencia no es algo que a D\u00edaz lo afecte y asegur\u00f3 que<strong> \u00abDuma es un excelente jugador, que termin\u00f3 marcando muchos goles al cierre de la temporada y aport\u00f3. Si a uno le toca jugar debe pensar en el equipo, el que ande mejor tiene que jugar\u00bb.<\/strong><\/p>\n<p><strong>&nbsp;<\/strong><\/p>\n<p><strong>Fuente: La Tercera<\/strong><\/p>\n","protected":false},"excerpt":{"rendered":"<p>En conferencia de prensa realizada hoy, el nuevo atacante universitario se refiri\u00f3 a la adaptaci\u00f3n del grupo al esquema de Dar\u00edo Franco y a los \u00faltimos torneos en donde la U ha sido claro protagonista.<\/p>\n","protected":false},"author":56,"featured_media":4972,"comment_status":"open","ping_status":"open","sticky":false,"template":"","format":"standard","meta":{"footnotes":""},"categories":[18],"tags":[],"class_list":{"0":"post-3363","1":"post","2":"type-post","3":"status-publish","4":"format-standard","5":"has-post-thumbnail","7":"category-actualidad"},"_links":{"self":[{"href":"http:\/\/www.rincondelbulla.cl\/portal\/wp-json\/wp\/v2\/posts\/3363","targetHints":{"allow":["GET"]}}],"collection":[{"href":"http:\/\/www.rincondelbulla.cl\/portal\/wp-json\/wp\/v2\/posts"}],"about":[{"href":"http:\/\/www.rincondelbulla.cl\/portal\/wp-json\/wp\/v2\/types\/post"}],"author":[{"embeddable":true,"href":"http:\/\/www.rincondelbulla.cl\/portal\/wp-json\/wp\/v2\/users\/56"}],"replies":[{"embeddable":true,"href":"http:\/\/www.rincondelbulla.cl\/portal\/wp-json\/wp\/v2\/comments?post=3363"}],"version-history":[{"count":0,"href":"http:\/\/www.rincondelbulla.cl\/portal\/wp-json\/wp\/v2\/posts\/3363\/revisions"}],"wp:featuredmedia":[{"embeddable":true,"href":"http:\/\/www.rincondelbulla.cl\/portal\/wp-json\/wp\/v2\/media\/4972"}],"wp:attachment":[{"href":"http:\/\/www.rincondelbulla.cl\/portal\/wp-json\/wp\/v2\/media?parent=3363"}],"wp:term":[{"taxonomy":"category","embeddable":true,"href":"http:\/\/www.rincondelbulla.cl\/portal\/wp-json\/wp\/v2\/categories?post=3363"},{"taxonomy":"post_tag","embeddable":true,"href":"http:\/\/www.rincondelbulla.cl\/portal\/wp-json\/wp\/v2\/tags?post=3363"}],"curies":[{"name":"wp","href":"https:\/\/api.w.org\/{rel}","templated":true}]}}