{"id":3364,"date":"2013-01-03T11:33:13","date_gmt":"2013-01-03T11:33:13","guid":{"rendered":"http:\/\/www.rincondelbulla.cl\/portal\/?p=3364"},"modified":"2013-01-03T11:33:13","modified_gmt":"2013-01-03T11:33:13","slug":"el-capitan-asegura-que-el-equipo-es-mas-fuerte-que-el-de-la-temporada-pasada","status":"publish","type":"post","link":"http:\/\/www.rincondelbulla.cl\/portal\/2013\/01\/03\/el-capitan-asegura-que-el-equipo-es-mas-fuerte-que-el-de-la-temporada-pasada\/","title":{"rendered":"El Capit\u00e1n asegura que el equipo es m\u00e1s fuerte que el de la temporada pasada"},"content":{"rendered":"<p><img loading=\"lazy\" decoding=\"async\" class=\" size-full wp-image-4973\" src=\"http:\/\/www.rincondelbulla.cl\/portal\/wp-content\/uploads\/2013\/01\/e6bff3c3f1ce771aa8a400f7a4bc6b3a.jpg\" alt=\"\" width=\"700\" height=\"396\" srcset=\"http:\/\/www.rincondelbulla.cl\/portal\/wp-content\/uploads\/2013\/01\/e6bff3c3f1ce771aa8a400f7a4bc6b3a.jpg 700w, http:\/\/www.rincondelbulla.cl\/portal\/wp-content\/uploads\/2013\/01\/e6bff3c3f1ce771aa8a400f7a4bc6b3a-300x170.jpg 300w, http:\/\/www.rincondelbulla.cl\/portal\/wp-content\/uploads\/2013\/01\/e6bff3c3f1ce771aa8a400f7a4bc6b3a-696x394.jpg 696w\" sizes=\"auto, (max-width: 700px) 100vw, 700px\" \/><\/p>\n<p><strong>Jos\u00e9 Rojas creen que el plantel que se ha conformado para el 2013 es competitivo y se ilusiona con la obtenci\u00f3n de m\u00e1s logros conla camiseta azul. <!--more--> <\/strong>Jos\u00e9 Rojas se apresura en se\u00f1alar que ya es cosa del pasado la lista de objetivos no cumplidos en el segundo semestre de 2012. El capit\u00e1n de los azules, que hoy se integrar\u00e1 a los trabajos de la Selecci\u00f3n chilena, asegura que las tres semanas de vacaciones, algo in\u00e9dito durante la era de Jorge Sampaoli, ayudaron para cargar las pilas y sobre todo, para cerrar las heridas que dej\u00f3 la \u00faltima etapa del casildense al mando del equipo.<\/p>\n<p><strong>\u201cNo te imaginas lo que ped\u00eda el cuerpo esta clase de descanso. Por ah\u00ed a muchos se les olvid\u00f3 que en un a\u00f1o y medio tuvimos en total, y siendo generosos, 20 d\u00edas de vacaciones\u201d, comenta el zaguero<\/strong>, que pese a los rumores de una posible venta al f\u00fatbol brasile\u00f1o continuar\u00e1 al menos seis meses m\u00e1s en el club. <strong>\u201cLas chances de partir quiz\u00e1s nunca est\u00e1n cerradas, pero ya le comuniqu\u00e9 a mi representante que hoy la prioridad es la \u2018U\u2019 y quiero seguir ac\u00e1\u201d, agrega al respecto<\/strong>.<\/p>\n<p><strong>\u00bfSe sac\u00f3 la espina de no haber ganado nada el semestre anterior?<\/strong><\/p>\n<p>S\u00ed. Cada vez que empieza un nuevo proceso, se renuevan todas las ilusiones. Cuando juegas en el equipo m\u00e1s grande, eso debes tener claro. Las exigencias ac\u00e1 son las mayores y no te puedes quedar pensando en lo que se te escap\u00f3 de las manos o en lo que no ganaste.<\/p>\n<p><strong>\u00bfCu\u00e1l es la evaluaci\u00f3n que hace de estos primeros d\u00edas con Dar\u00edo Franco?<\/strong><\/p>\n<p>Lo principal es que tanto \u00e9l como su cuerpo t\u00e9cnico vienen con una mentalidad ganadora. Adem\u00e1s, con peque\u00f1os detalles, mantiene la l\u00ednea de trabajo que llev\u00f3 a cabo hasta hace poco Sampaoli. Y eso ayuda para adaptarse r\u00e1pido.<\/p>\n<p><strong>\u00bfParten con desventaja en relaci\u00f3n a Colo Colo y la UC, por el hecho de tener nuevo entrenador?<\/strong><\/p>\n<p>No creo, porque el estilo de entrenamiento es similar. No hemos visto ning\u00fan cambio mayor con respecto a lo que hac\u00edamos hasta el a\u00f1o pasado. Conocemos casi todos los trabajos que se llevan a cabo. Ac\u00e1 no hay una idea nueva a la cual adaptarse.<\/p>\n<p><strong>Con los refuerzos que han llegado, \u00bfse puede aspirar a algo grande, como la Copa Libertadores?<\/strong><\/p>\n<p>Ac\u00e1 no se puede prometer este t\u00edtulo u otro. S\u00ed, debemos tener claro todos que tenemos que pelear y llegar lo m\u00e1s alto en todos los torneos que juguemos. Y en este caso, la Copa Libertadores no es la excepci\u00f3n.<\/p>\n<p><strong>Pero no han llegado grandes nombres al plantel.<\/strong><\/p>\n<p>Pero los grandes nombres no te aseguran el \u00e9xito. Ninguna contrataci\u00f3n se garantiza ganar algo. Para mi gusto tenemos un equipo m\u00e1s potente que el a\u00f1o pasado. Llegaron buenos refuerzos y se mantuvo a casi toda la base. As\u00ed daremos pelea.<\/p>\n<p>&nbsp;<\/p>\n<p><span id=\"_mce_caret\" data-mce-bogus=\"true\"><strong>Fuente : La Tercera<\/strong><\/span><\/p>\n","protected":false},"excerpt":{"rendered":"<p>Jos\u00e9 Rojas creen que el plantel que se ha conformado para el 2013 es competitivo y se ilusiona con la obtenci\u00f3n de m\u00e1s logros conla camiseta azul.<\/p>\n","protected":false},"author":56,"featured_media":4973,"comment_status":"open","ping_status":"open","sticky":false,"template":"","format":"standard","meta":{"footnotes":""},"categories":[18],"tags":[],"class_list":{"0":"post-3364","1":"post","2":"type-post","3":"status-publish","4":"format-standard","5":"has-post-thumbnail","7":"category-actualidad"},"_links":{"self":[{"href":"http:\/\/www.rincondelbulla.cl\/portal\/wp-json\/wp\/v2\/posts\/3364","targetHints":{"allow":["GET"]}}],"collection":[{"href":"http:\/\/www.rincondelbulla.cl\/portal\/wp-json\/wp\/v2\/posts"}],"about":[{"href":"http:\/\/www.rincondelbulla.cl\/portal\/wp-json\/wp\/v2\/types\/post"}],"author":[{"embeddable":true,"href":"http:\/\/www.rincondelbulla.cl\/portal\/wp-json\/wp\/v2\/users\/56"}],"replies":[{"embeddable":true,"href":"http:\/\/www.rincondelbulla.cl\/portal\/wp-json\/wp\/v2\/comments?post=3364"}],"version-history":[{"count":0,"href":"http:\/\/www.rincondelbulla.cl\/portal\/wp-json\/wp\/v2\/posts\/3364\/revisions"}],"wp:featuredmedia":[{"embeddable":true,"href":"http:\/\/www.rincondelbulla.cl\/portal\/wp-json\/wp\/v2\/media\/4973"}],"wp:attachment":[{"href":"http:\/\/www.rincondelbulla.cl\/portal\/wp-json\/wp\/v2\/media?parent=3364"}],"wp:term":[{"taxonomy":"category","embeddable":true,"href":"http:\/\/www.rincondelbulla.cl\/portal\/wp-json\/wp\/v2\/categories?post=3364"},{"taxonomy":"post_tag","embeddable":true,"href":"http:\/\/www.rincondelbulla.cl\/portal\/wp-json\/wp\/v2\/tags?post=3364"}],"curies":[{"name":"wp","href":"https:\/\/api.w.org\/{rel}","templated":true}]}}