{"id":3366,"date":"2013-01-07T22:13:23","date_gmt":"2013-01-07T22:13:23","guid":{"rendered":"http:\/\/www.rincondelbulla.cl\/portal\/?p=3366"},"modified":"2013-01-07T22:13:23","modified_gmt":"2013-01-07T22:13:23","slug":"para-el-mati-todo-parte-desde-cero","status":"publish","type":"post","link":"http:\/\/www.rincondelbulla.cl\/portal\/2013\/01\/07\/para-el-mati-todo-parte-desde-cero\/","title":{"rendered":"Para el \u00abMati\u00bb todo parte desde cero"},"content":{"rendered":"<p><img loading=\"lazy\" decoding=\"async\" class=\" size-full wp-image-4975\" src=\"http:\/\/www.rincondelbulla.cl\/portal\/wp-content\/uploads\/2013\/01\/ec70d63452f15ed65051b106ae1cb2b7.jpg\" alt=\"\" width=\"700\" height=\"396\" srcset=\"http:\/\/www.rincondelbulla.cl\/portal\/wp-content\/uploads\/2013\/01\/ec70d63452f15ed65051b106ae1cb2b7.jpg 700w, http:\/\/www.rincondelbulla.cl\/portal\/wp-content\/uploads\/2013\/01\/ec70d63452f15ed65051b106ae1cb2b7-300x170.jpg 300w, http:\/\/www.rincondelbulla.cl\/portal\/wp-content\/uploads\/2013\/01\/ec70d63452f15ed65051b106ae1cb2b7-696x394.jpg 696w\" sizes=\"auto, (max-width: 700px) 100vw, 700px\" \/><\/p>\n<p><strong>El Volante argentino analiz\u00f3 la llegada de Dar\u00edo Franco al banco de Universidad de Chile y asegur\u00f3 que nadie tiene un puesto asegurado en el equipo titular y que todos deben luchar por estar en el. <!--more--> <\/strong>En triple jornada est\u00e1 trabajando Universidad de Chile de cara la temporada 2013, tanto para ponerse a punto en lo f\u00edsico como para adaptarse al estilo que quiere imponer Dar\u00edo Franco en el inicio de su era al mando de los azules.<\/p>\n<p>El que coment\u00f3 lo que ha sido este proceso es Mat\u00edas Rodr\u00edguez, confesando que en el plantel nadie tiene ventajas al tratarse de un t\u00e9cnico nuevo. <strong>\u00abEstamos trabajando muy fuerte, tratando de adaptarnos a lo que nos pide. Todos empezamos de cero y debemos esforzarnos al m\u00e1ximo y hacer una pretemporada buena para ser una opci\u00f3n a la hora de jugar\u00bb, expres\u00f3.<\/strong><\/p>\n<p>Sobre las claves que tendr\u00e1 el juego de los &#8216;laicos&#8217; este a\u00f1o, el argentino analiz\u00f3 que <strong>\u00abdesde el primer entrenamiento nos hizo saber que quiere tener la pelota, no ser tan directos como antes, buscar m\u00e1s volumen de juego, que rotemos, nos movamos; no ser tan directos para no quedar desgastados como se vio el semestre pasado\u00bb.<\/strong><\/p>\n<p>Para el ex seleccionado argentino, los tres refuerzos que llegaron -Ram\u00f3n Fern\u00e1ndez, Issac D\u00edaz y C\u00e9sar Cortes- son suficientes para ilusionarse con una buena campa\u00f1a.<strong> \u00abTenemos un gran equipo, se han incorporado varios chicos que van a fortalecer m\u00e1s el grupo y eso nos tiene que servir a todos. Es un panorama dif\u00edcil pero tenemos plantel para afrontar todo\u00bb, adelant\u00f3.<\/strong><\/p>\n<p>Finalmente sobre el fixture del Torneo Nacional 2013, donde tendr\u00e1n que salir siete veces fuera de Santiago, Rodr\u00edguez coment\u00f3 que <strong>\u00abtoc\u00f3 un calendario duro pero estamos acostumbrados a salir de casa y los viajes largos; despu\u00e9s lo que le toque a los otros no nos importa\u00bb.<\/strong><\/p>\n<p><strong>&nbsp;<\/strong><\/p>\n<p><b>Fuente: Red Gol<\/b><\/p>\n","protected":false},"excerpt":{"rendered":"<p>El Volante argentino analiz\u00f3 la llegada de Dar\u00edo Franco al banco de Universidad de Chile y asegur\u00f3 que nadie tiene un puesto asegurado en el equipo titular y que todos deben luchar por estar en el.<\/p>\n","protected":false},"author":56,"featured_media":4975,"comment_status":"open","ping_status":"open","sticky":false,"template":"","format":"standard","meta":{"footnotes":""},"categories":[18],"tags":[],"class_list":{"0":"post-3366","1":"post","2":"type-post","3":"status-publish","4":"format-standard","5":"has-post-thumbnail","7":"category-actualidad"},"_links":{"self":[{"href":"http:\/\/www.rincondelbulla.cl\/portal\/wp-json\/wp\/v2\/posts\/3366","targetHints":{"allow":["GET"]}}],"collection":[{"href":"http:\/\/www.rincondelbulla.cl\/portal\/wp-json\/wp\/v2\/posts"}],"about":[{"href":"http:\/\/www.rincondelbulla.cl\/portal\/wp-json\/wp\/v2\/types\/post"}],"author":[{"embeddable":true,"href":"http:\/\/www.rincondelbulla.cl\/portal\/wp-json\/wp\/v2\/users\/56"}],"replies":[{"embeddable":true,"href":"http:\/\/www.rincondelbulla.cl\/portal\/wp-json\/wp\/v2\/comments?post=3366"}],"version-history":[{"count":0,"href":"http:\/\/www.rincondelbulla.cl\/portal\/wp-json\/wp\/v2\/posts\/3366\/revisions"}],"wp:featuredmedia":[{"embeddable":true,"href":"http:\/\/www.rincondelbulla.cl\/portal\/wp-json\/wp\/v2\/media\/4975"}],"wp:attachment":[{"href":"http:\/\/www.rincondelbulla.cl\/portal\/wp-json\/wp\/v2\/media?parent=3366"}],"wp:term":[{"taxonomy":"category","embeddable":true,"href":"http:\/\/www.rincondelbulla.cl\/portal\/wp-json\/wp\/v2\/categories?post=3366"},{"taxonomy":"post_tag","embeddable":true,"href":"http:\/\/www.rincondelbulla.cl\/portal\/wp-json\/wp\/v2\/tags?post=3366"}],"curies":[{"name":"wp","href":"https:\/\/api.w.org\/{rel}","templated":true}]}}