{"id":3367,"date":"2013-01-10T11:31:29","date_gmt":"2013-01-10T11:31:29","guid":{"rendered":"http:\/\/www.rincondelbulla.cl\/portal\/?p=3367"},"modified":"2013-01-10T11:31:29","modified_gmt":"2013-01-10T11:31:29","slug":"dario-franco-y-su-debut-en-duelos-amistosos-en-la-banca-de-la-u-me-gusto-la-intensidad-para-recuperar-la-pelota","status":"publish","type":"post","link":"http:\/\/www.rincondelbulla.cl\/portal\/2013\/01\/10\/dario-franco-y-su-debut-en-duelos-amistosos-en-la-banca-de-la-u-me-gusto-la-intensidad-para-recuperar-la-pelota\/","title":{"rendered":"Dar\u00edo Franco y su debut en duelos amistosos en la banca de la U: \u00abMe gust\u00f3 la intensidad para recuperar la pelota\u00bb"},"content":{"rendered":"<figure id=\"attachment_4976\" aria-describedby=\"caption-attachment-4976\" style=\"width: 630px\" class=\"wp-caption alignnone\"><img loading=\"lazy\" decoding=\"async\" class=\" size-full wp-image-4976\" src=\"http:\/\/www.rincondelbulla.cl\/portal\/wp-content\/uploads\/2013\/01\/f9fbdffa6384727d050131b622ad5364.jpg\" alt=\"\" class=\"caption\" title=\"Foto: Agencia Uno\" width=\"630\" height=\"355\" srcset=\"http:\/\/www.rincondelbulla.cl\/portal\/wp-content\/uploads\/2013\/01\/f9fbdffa6384727d050131b622ad5364.jpg 630w, http:\/\/www.rincondelbulla.cl\/portal\/wp-content\/uploads\/2013\/01\/f9fbdffa6384727d050131b622ad5364-300x169.jpg 300w\" sizes=\"auto, (max-width: 630px) 100vw, 630px\" \/><figcaption id=\"caption-attachment-4976\" class=\"wp-caption-text\">Foto: Agencia Uno<\/figcaption><\/figure>\n<p><strong>En duelos disputados en el Centro Deportivo Azul el cuadro de Universidad de Chile consigui\u00f3 un triunfo y una derrota en el triangukar que marc\u00f3 el debut de Dar\u00edo Franco en la banca universitaria.<\/strong> <!--more--> Con buenas sensaciones qued\u00f3 Dar\u00edo Franco tras los primeros duelos amistosos de Universidad de Chile en el Centro Deportivo Azul, donde se midieron ante Barnechea -triunfo- y Universidad C\u00e9sar Vallejo -derrota- en partidos de 45 minutos.<\/p>\n<p>Tras los encuentros, el estratego argentino coment\u00f3 en Terra que \u00absa<strong>qu\u00e9 conclusiones positivas, tendiendo en cuenta que es el primer mini partido, sirve para ver c\u00f3mo responden algunos chicos. Tenemos la fortuna de que pr\u00e1cticamente la l\u00ednea ofensiva no va a variar mucho de estos partidos, lo cual es una ventaja\u00bb.<\/strong><\/p>\n<p>Justamente sobre el trabajo en ataque, el argentino analiz\u00f3 que <strong>\u00abme gustaron las asociaciones, Lorenzetti con Marino y tambi\u00e9n Ram\u00f3n (Fern\u00e1ndez). Buscamos tenenecia de la pelota desde nuestro arco. Trataron de llevar a cabo lo que hemos entrenado y me deja muy satisfecho\u00bb.<\/strong><\/p>\n<p>Profundizando en sus apreciaciones de juego, el ex Instituto de C\u00f3rdoba se\u00f1al\u00f3 que <strong>\u00abhay que ser m\u00e1s pacientes, circular la pelota, desgastar al rival para encontrar los espacios necesarios y crear peligro. Me gust\u00f3 la intensidad para recuperar la pelota. Nunca se termina de aprender y mejorar, siempre hay detalles y m\u00e1s ahora que fue solo el primer partido\u00bb.<\/strong><\/p>\n<p><strong>&nbsp;<\/strong><\/p>\n<p><strong>Fuente: Red Gol<\/strong><\/p>\n","protected":false},"excerpt":{"rendered":"<p>En duelos disputados en el Centro Deportivo Azul el cuadro de Universidad de Chile consigui\u00f3 un triunfo y una derrota en el triangukar que marc\u00f3 el debut de Dar\u00edo Franco en la banca universitaria.<\/p>\n","protected":false},"author":56,"featured_media":4976,"comment_status":"open","ping_status":"open","sticky":false,"template":"","format":"standard","meta":{"footnotes":""},"categories":[18],"tags":[],"class_list":{"0":"post-3367","1":"post","2":"type-post","3":"status-publish","4":"format-standard","5":"has-post-thumbnail","7":"category-actualidad"},"_links":{"self":[{"href":"http:\/\/www.rincondelbulla.cl\/portal\/wp-json\/wp\/v2\/posts\/3367","targetHints":{"allow":["GET"]}}],"collection":[{"href":"http:\/\/www.rincondelbulla.cl\/portal\/wp-json\/wp\/v2\/posts"}],"about":[{"href":"http:\/\/www.rincondelbulla.cl\/portal\/wp-json\/wp\/v2\/types\/post"}],"author":[{"embeddable":true,"href":"http:\/\/www.rincondelbulla.cl\/portal\/wp-json\/wp\/v2\/users\/56"}],"replies":[{"embeddable":true,"href":"http:\/\/www.rincondelbulla.cl\/portal\/wp-json\/wp\/v2\/comments?post=3367"}],"version-history":[{"count":0,"href":"http:\/\/www.rincondelbulla.cl\/portal\/wp-json\/wp\/v2\/posts\/3367\/revisions"}],"wp:featuredmedia":[{"embeddable":true,"href":"http:\/\/www.rincondelbulla.cl\/portal\/wp-json\/wp\/v2\/media\/4976"}],"wp:attachment":[{"href":"http:\/\/www.rincondelbulla.cl\/portal\/wp-json\/wp\/v2\/media?parent=3367"}],"wp:term":[{"taxonomy":"category","embeddable":true,"href":"http:\/\/www.rincondelbulla.cl\/portal\/wp-json\/wp\/v2\/categories?post=3367"},{"taxonomy":"post_tag","embeddable":true,"href":"http:\/\/www.rincondelbulla.cl\/portal\/wp-json\/wp\/v2\/tags?post=3367"}],"curies":[{"name":"wp","href":"https:\/\/api.w.org\/{rel}","templated":true}]}}