{"id":3368,"date":"2013-01-10T11:37:20","date_gmt":"2013-01-10T11:37:20","guid":{"rendered":"http:\/\/www.rincondelbulla.cl\/portal\/?p=3368"},"modified":"2013-01-10T11:37:20","modified_gmt":"2013-01-10T11:37:20","slug":"michael-contreras-llega-a-universidad-de-chile-con-la-intencion-de-ganarse-un-puesto-en-el-equipo-titular","status":"publish","type":"post","link":"http:\/\/www.rincondelbulla.cl\/portal\/2013\/01\/10\/michael-contreras-llega-a-universidad-de-chile-con-la-intencion-de-ganarse-un-puesto-en-el-equipo-titular\/","title":{"rendered":"Michael Contreras llega a Universidad de Chile con la intenci\u00f3n de ganarse un puesto en el equipo titular"},"content":{"rendered":"<figure id=\"attachment_4977\" aria-describedby=\"caption-attachment-4977\" style=\"width: 600px\" class=\"wp-caption alignnone\"><img loading=\"lazy\" decoding=\"async\" class=\" size-full wp-image-4977\" src=\"http:\/\/www.rincondelbulla.cl\/portal\/wp-content\/uploads\/2013\/01\/9a7f0bf980eabc0549a2ac0ee1000479.jpg\" alt=\"\" class=\"caption\" title=\"Foto: Google\" width=\"600\" height=\"400\" srcset=\"http:\/\/www.rincondelbulla.cl\/portal\/wp-content\/uploads\/2013\/01\/9a7f0bf980eabc0549a2ac0ee1000479.jpg 600w, http:\/\/www.rincondelbulla.cl\/portal\/wp-content\/uploads\/2013\/01\/9a7f0bf980eabc0549a2ac0ee1000479-300x200.jpg 300w\" sizes=\"auto, (max-width: 600px) 100vw, 600px\" \/><figcaption id=\"caption-attachment-4977\" class=\"wp-caption-text\">Foto: Google<\/figcaption><\/figure>\n<p><strong>El lateral izquierdo de 19 a\u00f1os est\u00e1 contento de llegar a la U, durante los pr\u00f3ximos d\u00edas se incorpora a la pretemporada azul.<\/strong> <!--more--> Michael Contreras, nuevo jugador de Universidad de Chile, define su traspaso de Deportes Iquique al elenco estudiantil como un gran paso en su carrera. M\u00e1s a\u00fan, considerando que se trata de un joven lateral izquierdo, de apenas 19 a\u00f1os (el 10 de febrero cumplir\u00e1 20).<\/p>\n<p><strong>\u00abEs un gran paso llegar tan joven a un equipo grande como Universidad de Chile. Me siento orgulloso, y tengo que seguir haciendo bien las cosas porque ahora van a ser duras\u00bb, se\u00f1ala de entrada a La Tercera<\/strong> la nueva incorporaci\u00f3n azul, proveniente de Deportes Iquique.<\/p>\n<p>Cuando habla de duro, se refiere a la alta competencia que deber\u00e1 sortear si es que quiere ponerse una camiseta dentro del once de Dar\u00edo Franco.<\/p>\n<p><strong>\u00abYo voy a pelear el puesto. Cuando empec\u00e9 ac\u00e1 en Iquique no jugaba. Part\u00ed en la banca, pero pude tener un lugar. En la \u00abU\u00bb va a ser lo mismo y voy a dar la pelea para ser titular\u00bb<\/strong>, completa el mediocampista.<\/p>\n<p>Contreras manifiesta que<strong> \u00abjugar en Universidad de Chile abre muchas puertas, como la Selecci\u00f3n. Deportes Iquique jugar\u00e1 la fase previa de Copa Libertadores. La \u00abU\u00bb ya va a estar en la fase de grupos. Y eso abre m\u00e1s puertas\u00bb.<\/strong><\/p>\n<p>Sobre lo que ofrece en el campo de juego, asevera que<strong> \u00absoy un jugador muy r\u00e1pido en las bandas. Siempre busco encarar y tengo mucha potencia f\u00edsica\u00bb.<\/strong><\/p>\n<p>\u00bfY c\u00f3mo surgi\u00f3 la posibilidad de Universidad de Chile?<strong> \u00abHace un tiempo ya ven\u00edan las conversaciones, pero hab\u00edan quedado en nada. El martes por la noche supe y el mi\u00e9rcoles qued\u00f3 listo\u00bb, manifest\u00f3.<\/strong><\/p>\n<p>Contreras, que debut\u00f3 en el f\u00fatbol con 17 a\u00f1os en la Copa Chile de 2010, que fue ganada por los \u00abdragones celestes\u00bb, es el quinto refuerzo de los azules, pues se suma a las llegadas de Isaac D\u00edaz, C\u00e9sar Cort\u00e9s, Ram\u00f3n Fern\u00e1ndez y Rodrigo Ure\u00f1a.<\/p>\n<p>&nbsp;<\/p>\n<p><strong>Fuente: La Tercera&nbsp;<\/strong><\/p>\n","protected":false},"excerpt":{"rendered":"<p>El lateral izquierdo de 19 a\u00f1os est\u00e1 contento de llegar a la U, durante los pr\u00f3ximos d\u00edas se incorpora a la pretemporada azul.<\/p>\n","protected":false},"author":56,"featured_media":4977,"comment_status":"open","ping_status":"open","sticky":false,"template":"","format":"standard","meta":{"footnotes":""},"categories":[18],"tags":[],"class_list":{"0":"post-3368","1":"post","2":"type-post","3":"status-publish","4":"format-standard","5":"has-post-thumbnail","7":"category-actualidad"},"_links":{"self":[{"href":"http:\/\/www.rincondelbulla.cl\/portal\/wp-json\/wp\/v2\/posts\/3368","targetHints":{"allow":["GET"]}}],"collection":[{"href":"http:\/\/www.rincondelbulla.cl\/portal\/wp-json\/wp\/v2\/posts"}],"about":[{"href":"http:\/\/www.rincondelbulla.cl\/portal\/wp-json\/wp\/v2\/types\/post"}],"author":[{"embeddable":true,"href":"http:\/\/www.rincondelbulla.cl\/portal\/wp-json\/wp\/v2\/users\/56"}],"replies":[{"embeddable":true,"href":"http:\/\/www.rincondelbulla.cl\/portal\/wp-json\/wp\/v2\/comments?post=3368"}],"version-history":[{"count":0,"href":"http:\/\/www.rincondelbulla.cl\/portal\/wp-json\/wp\/v2\/posts\/3368\/revisions"}],"wp:featuredmedia":[{"embeddable":true,"href":"http:\/\/www.rincondelbulla.cl\/portal\/wp-json\/wp\/v2\/media\/4977"}],"wp:attachment":[{"href":"http:\/\/www.rincondelbulla.cl\/portal\/wp-json\/wp\/v2\/media?parent=3368"}],"wp:term":[{"taxonomy":"category","embeddable":true,"href":"http:\/\/www.rincondelbulla.cl\/portal\/wp-json\/wp\/v2\/categories?post=3368"},{"taxonomy":"post_tag","embeddable":true,"href":"http:\/\/www.rincondelbulla.cl\/portal\/wp-json\/wp\/v2\/tags?post=3368"}],"curies":[{"name":"wp","href":"https:\/\/api.w.org\/{rel}","templated":true}]}}