{"id":3369,"date":"2013-01-10T11:49:26","date_gmt":"2013-01-10T11:49:26","guid":{"rendered":"http:\/\/www.rincondelbulla.cl\/portal\/?p=3369"},"modified":"2013-01-10T11:49:26","modified_gmt":"2013-01-10T11:49:26","slug":"la-noche-azul-se-realizara-en-santa-laura-y-la-u-enfrentara-a-nacional-de-paraguay","status":"publish","type":"post","link":"http:\/\/www.rincondelbulla.cl\/portal\/2013\/01\/10\/la-noche-azul-se-realizara-en-santa-laura-y-la-u-enfrentara-a-nacional-de-paraguay\/","title":{"rendered":"La Noche Azul se realizar\u00e1 en Santa Laura y la U enfrentar\u00e1 a Nacional de Paraguay"},"content":{"rendered":"<p><img loading=\"lazy\" decoding=\"async\" class=\" size-full wp-image-4978\" src=\"http:\/\/www.rincondelbulla.cl\/portal\/wp-content\/uploads\/2013\/01\/9139277f75f0cb04c93c4cbca610d35b.jpg\" alt=\"\" width=\"700\" height=\"396\" srcset=\"http:\/\/www.rincondelbulla.cl\/portal\/wp-content\/uploads\/2013\/01\/9139277f75f0cb04c93c4cbca610d35b.jpg 700w, http:\/\/www.rincondelbulla.cl\/portal\/wp-content\/uploads\/2013\/01\/9139277f75f0cb04c93c4cbca610d35b-300x170.jpg 300w, http:\/\/www.rincondelbulla.cl\/portal\/wp-content\/uploads\/2013\/01\/9139277f75f0cb04c93c4cbca610d35b-696x394.jpg 696w\" sizes=\"auto, (max-width: 700px) 100vw, 700px\" \/><\/p>\n<p><strong>Con la posibilidad de contar con los seleccionados por un permiso especial que entregar\u00eda el cuerpo t\u00e9cnico de Chile, la dirigencia azul confirm\u00f3 que la presentaci\u00f3n del plantel 2013 se realizar\u00e1 el pr\u00f3ximo 17 de enero en el reducto de Plaza Chacabuco. La noche Azul versi\u00f3n 2013 ver\u00e1 a Universidad de Chile enfrentarse con Nacionalde Paraguay.<\/strong><\/p>\n<p> <!--more--> Universidad de Chile confirm\u00f3 que la Noche Azul ser\u00e1 el pr\u00f3ximo 17 de enero, donde los azules presentar\u00e1n sus caras para el 2013 y aprovechar\u00e1n de medir fuerzas ante Nacional de Paraguay a las 22:00 horas en el Estadio Santa Laura.<\/p>\n<p>La venta de entradas comenzar\u00e1 este s\u00e1bado 12 para los socios abonados, ya que el evento al ser organizado por un canal de f\u00fatbol, se cobrar\u00e1 el ingreso a todos los espectadores.<\/p>\n<p>48 horas despu\u00e9s, es decir, el lunes 14, los boletos estar\u00e1n disponible para todos los hincha. Las entradas se podr\u00e1n adquirir a trav\u00e9s del sistema Daleticket.cl, donde cada localidad quedar\u00e1 inscrita al portador con el n\u00famero de RUT.<\/p>\n<p><strong>VALORES NOCHE AZUL<\/strong><\/p>\n<p><strong>-Marquesina Preferencial $16.000<\/strong><br \/><strong><\/strong><\/p>\n<p><strong>-Marquesina General: $12.000<\/strong><br \/><strong><\/strong><\/p>\n<p><strong>-Andes: $8.000<\/strong><br \/><strong><\/strong><\/p>\n<p><strong>-Galer\u00eda Sur: $4.000<\/strong><br \/><strong><\/strong><\/p>\n<p><strong>-Galer\u00eda Norte: $4.200<\/strong><\/p>\n<p><strong>&nbsp;<\/strong><\/p>\n<p><strong>Fuente: Red Gol<\/strong><\/p>\n","protected":false},"excerpt":{"rendered":"<p>Con la posibilidad de contar con los seleccionados por un permiso especial que entregar\u00eda el cuerpo t\u00e9cnico de Chile, la dirigencia azul confirm\u00f3 que la presentaci\u00f3n del plantel 2013 se realizar\u00e1 el pr\u00f3ximo 17 de enero en el reducto de Plaza Chacabuco. La noche Azul versi\u00f3n 2013 ver\u00e1 a Universidad de Chile enfrentarse con Nacionalde [&#8230;]<\/p>\n","protected":false},"author":56,"featured_media":4978,"comment_status":"open","ping_status":"open","sticky":false,"template":"","format":"standard","meta":{"footnotes":""},"categories":[18],"tags":[],"class_list":{"0":"post-3369","1":"post","2":"type-post","3":"status-publish","4":"format-standard","5":"has-post-thumbnail","7":"category-actualidad"},"_links":{"self":[{"href":"http:\/\/www.rincondelbulla.cl\/portal\/wp-json\/wp\/v2\/posts\/3369","targetHints":{"allow":["GET"]}}],"collection":[{"href":"http:\/\/www.rincondelbulla.cl\/portal\/wp-json\/wp\/v2\/posts"}],"about":[{"href":"http:\/\/www.rincondelbulla.cl\/portal\/wp-json\/wp\/v2\/types\/post"}],"author":[{"embeddable":true,"href":"http:\/\/www.rincondelbulla.cl\/portal\/wp-json\/wp\/v2\/users\/56"}],"replies":[{"embeddable":true,"href":"http:\/\/www.rincondelbulla.cl\/portal\/wp-json\/wp\/v2\/comments?post=3369"}],"version-history":[{"count":0,"href":"http:\/\/www.rincondelbulla.cl\/portal\/wp-json\/wp\/v2\/posts\/3369\/revisions"}],"wp:featuredmedia":[{"embeddable":true,"href":"http:\/\/www.rincondelbulla.cl\/portal\/wp-json\/wp\/v2\/media\/4978"}],"wp:attachment":[{"href":"http:\/\/www.rincondelbulla.cl\/portal\/wp-json\/wp\/v2\/media?parent=3369"}],"wp:term":[{"taxonomy":"category","embeddable":true,"href":"http:\/\/www.rincondelbulla.cl\/portal\/wp-json\/wp\/v2\/categories?post=3369"},{"taxonomy":"post_tag","embeddable":true,"href":"http:\/\/www.rincondelbulla.cl\/portal\/wp-json\/wp\/v2\/tags?post=3369"}],"curies":[{"name":"wp","href":"https:\/\/api.w.org\/{rel}","templated":true}]}}