{"id":3370,"date":"2013-01-14T23:18:22","date_gmt":"2013-01-14T23:18:22","guid":{"rendered":"http:\/\/www.rincondelbulla.cl\/portal\/?p=3370"},"modified":"2013-01-14T23:18:22","modified_gmt":"2013-01-14T23:18:22","slug":"el-duende-gustavo-lorenzetti-saco-la-voz-este-equipo-esta-obligado-a-ganar-un-campeonato","status":"publish","type":"post","link":"http:\/\/www.rincondelbulla.cl\/portal\/2013\/01\/14\/el-duende-gustavo-lorenzetti-saco-la-voz-este-equipo-esta-obligado-a-ganar-un-campeonato\/","title":{"rendered":"El \u00abDuende\u00bb Gustavo Lorenzetti sac\u00f3 la voz: \u00abEste equipo est\u00e1 obligado a ganar un campeonato\u00bb"},"content":{"rendered":"<p><img loading=\"lazy\" decoding=\"async\" class=\" size-full wp-image-4979\" src=\"http:\/\/www.rincondelbulla.cl\/portal\/wp-content\/uploads\/2013\/01\/2995cd82b97900bb9a05b75472fae37c.jpg\" alt=\"\" width=\"700\" height=\"396\" srcset=\"http:\/\/www.rincondelbulla.cl\/portal\/wp-content\/uploads\/2013\/01\/2995cd82b97900bb9a05b75472fae37c.jpg 700w, http:\/\/www.rincondelbulla.cl\/portal\/wp-content\/uploads\/2013\/01\/2995cd82b97900bb9a05b75472fae37c-300x170.jpg 300w, http:\/\/www.rincondelbulla.cl\/portal\/wp-content\/uploads\/2013\/01\/2995cd82b97900bb9a05b75472fae37c-696x394.jpg 696w\" sizes=\"auto, (max-width: 700px) 100vw, 700px\" \/><\/p>\n<p><strong>Tambien se\u00f1al\u00f3 a los medios que Universidad de Chile pelear\u00e1 en los tres frentes que debe disputar este semestre, Copa Chile, Copa Libertadores y Campeonato Nacional.<\/strong> <!--more--> <span style=\"line-height: 1.3em;\">Gustavo Lorenzetti estuvo a un paso de partir al f\u00fatbol brasile\u00f1o, sin embargo, se qued\u00f3 en la \u00abU\u00bb. Esta decisi\u00f3n, seg\u00fan cont\u00f3 en conversaci\u00f3n con el programa radial La Magia Azul, la tom\u00f3 a instancias del propio Dar\u00edo Franco. <strong>\u00ab\u00c9l me pidi\u00f3 que me quedara. Ahora s\u00f3lo me queda trabajar para pelear un puesto en el equipo titular\u00bb, dijo.<\/strong><\/span><\/p>\n<p>Con la llegada de Ram\u00f3n Fern\u00e1ndez a cambio de U$1,6 millones, el puesto de conductor del equipo estar\u00eda cubierto. Sin embargo, el rosarino tendr\u00eda un lugar dentro del equipo en la l\u00ednea de ataque por la banda izquierda.<strong> \u00abAl parecer, voy a jugar en la misma posici\u00f3n en la que termin\u00e9 jugando con (Jorge) Sampaoli\u00bb, asegur\u00f3, a lo que a\u00f1adi\u00f3 que no es su posici\u00f3n, \u00abpero tengo la suerte de tener grandes compa\u00f1eros a mis espaldas\u00bb.<\/strong><\/p>\n<p>Sobre los objetivos trazados por el plantel para este semestre, en el que disputar\u00e1n, aparte del torneo local, la Copa Chile y la Copa Libertadores, el ex volante de la Universidad de Concepci\u00f3n fue claro en decir que, como equipo, est\u00e1n obligados a ganar al menos un torneo, pero \u00abnosotros, iremos por los tres\u00bb.<\/p>\n<p>Finalmente, respecto del trabajo que han realizado con Dar\u00edo Franco, Lorenzetti no lo dud\u00f3:<strong> \u00abEsta pretemporada, es de las m\u00e1s fuertes que he tenido en mi carrera\u00bb.<\/strong><\/p>\n<p><strong>&nbsp;<\/strong><\/p>\n<p><strong>Fuente: La Tercera<\/strong><\/p>\n","protected":false},"excerpt":{"rendered":"<p>Tambien se\u00f1al\u00f3 a los medios que Universidad de Chile pelear\u00e1 en los tres frentes que debe disputar este semestre, Copa Chile, Copa Libertadores y Campeonato Nacional.<\/p>\n","protected":false},"author":56,"featured_media":4979,"comment_status":"open","ping_status":"open","sticky":false,"template":"","format":"standard","meta":{"footnotes":""},"categories":[18],"tags":[],"class_list":{"0":"post-3370","1":"post","2":"type-post","3":"status-publish","4":"format-standard","5":"has-post-thumbnail","7":"category-actualidad"},"_links":{"self":[{"href":"http:\/\/www.rincondelbulla.cl\/portal\/wp-json\/wp\/v2\/posts\/3370","targetHints":{"allow":["GET"]}}],"collection":[{"href":"http:\/\/www.rincondelbulla.cl\/portal\/wp-json\/wp\/v2\/posts"}],"about":[{"href":"http:\/\/www.rincondelbulla.cl\/portal\/wp-json\/wp\/v2\/types\/post"}],"author":[{"embeddable":true,"href":"http:\/\/www.rincondelbulla.cl\/portal\/wp-json\/wp\/v2\/users\/56"}],"replies":[{"embeddable":true,"href":"http:\/\/www.rincondelbulla.cl\/portal\/wp-json\/wp\/v2\/comments?post=3370"}],"version-history":[{"count":0,"href":"http:\/\/www.rincondelbulla.cl\/portal\/wp-json\/wp\/v2\/posts\/3370\/revisions"}],"wp:featuredmedia":[{"embeddable":true,"href":"http:\/\/www.rincondelbulla.cl\/portal\/wp-json\/wp\/v2\/media\/4979"}],"wp:attachment":[{"href":"http:\/\/www.rincondelbulla.cl\/portal\/wp-json\/wp\/v2\/media?parent=3370"}],"wp:term":[{"taxonomy":"category","embeddable":true,"href":"http:\/\/www.rincondelbulla.cl\/portal\/wp-json\/wp\/v2\/categories?post=3370"},{"taxonomy":"post_tag","embeddable":true,"href":"http:\/\/www.rincondelbulla.cl\/portal\/wp-json\/wp\/v2\/tags?post=3370"}],"curies":[{"name":"wp","href":"https:\/\/api.w.org\/{rel}","templated":true}]}}