{"id":3371,"date":"2013-01-18T03:44:50","date_gmt":"2013-01-18T03:44:50","guid":{"rendered":"http:\/\/www.rincondelbulla.cl\/portal\/?p=3371"},"modified":"2013-01-18T03:44:50","modified_gmt":"2013-01-18T03:44:50","slug":"comenzo-formalmente-la-era-franco","status":"publish","type":"post","link":"http:\/\/www.rincondelbulla.cl\/portal\/2013\/01\/18\/comenzo-formalmente-la-era-franco\/","title":{"rendered":"Comenz\u00f3, formalmente, la \u00abera Franco\u00bb"},"content":{"rendered":"<figure id=\"attachment_4980\" aria-describedby=\"caption-attachment-4980\" style=\"width: 619px\" class=\"wp-caption alignnone\"><img loading=\"lazy\" decoding=\"async\" class=\" size-full wp-image-4980\" src=\"http:\/\/www.rincondelbulla.cl\/portal\/wp-content\/uploads\/2013\/01\/fb3e1999a48a73ddfaca6d8786f3ec5a.jpg\" alt=\"Foto: Agencia UNO\" class=\"caption\" title=\"Franco, en su estreno en sociedad\" width=\"619\" height=\"464\" srcset=\"http:\/\/www.rincondelbulla.cl\/portal\/wp-content\/uploads\/2013\/01\/fb3e1999a48a73ddfaca6d8786f3ec5a.jpg 619w, http:\/\/www.rincondelbulla.cl\/portal\/wp-content\/uploads\/2013\/01\/fb3e1999a48a73ddfaca6d8786f3ec5a-300x225.jpg 300w, http:\/\/www.rincondelbulla.cl\/portal\/wp-content\/uploads\/2013\/01\/fb3e1999a48a73ddfaca6d8786f3ec5a-80x60.jpg 80w, http:\/\/www.rincondelbulla.cl\/portal\/wp-content\/uploads\/2013\/01\/fb3e1999a48a73ddfaca6d8786f3ec5a-265x198.jpg 265w, http:\/\/www.rincondelbulla.cl\/portal\/wp-content\/uploads\/2013\/01\/fb3e1999a48a73ddfaca6d8786f3ec5a-560x420.jpg 560w\" sizes=\"auto, (max-width: 619px) 100vw, 619px\" \/><figcaption id=\"caption-attachment-4980\" class=\"wp-caption-text\">Franco, en su estreno en sociedad<\/figcaption><\/figure>\n<p style=\"text-align: justify;\"><b><span style=\"font-family: 'Arial','sans-serif';\">Comenz\u00f3, formalmente, la \u201cera Franco\u201d en Universidad de Chile versi\u00f3n 2013. Una derrota marc\u00f3 el debut del t\u00e9cnico argentino en la banca azul, sin embargo el resultado resulta intrascendente y es, casi, una an\u00e9cdota (no olvidar que Sampaoli se estren\u00f3 con una derrota en la noche azul 2011). Lo importante, ver los movimientos t\u00e1cticos del trasandino y observar, en una visi\u00f3n general, c\u00f3mo ser\u00e1 el funcionamiento de algunos jugadores. Un \u00faltimo punto a favor de Franco: faltan seleccionados, ya sea adultos o sub 20, azules que, en masa, nutren a ambas \u201crojas\u201d de buenas figuras. <i><\/i><\/span><\/b><\/p>\n<p style=\"text-align: justify;\"><b><span style=\"font-family: 'Arial','sans-serif';\"> <!--more--> <\/span><\/b><\/p>\n<p style=\"text-align: justify;\"><span style=\"font-family: 'Arial','sans-serif';\">En estricto rigor, la \u201cera Franco\u201d arranc\u00f3 hace unos d\u00edas. Partidos amistosos no televisados en el CDA y otros transmitidos v\u00eda Internet hicieron que el t\u00e9cnico ya tuviera un conocimiento de sus jugadores y, los que no est\u00e1n, pueden ser observado en los duelos de las selecciones que hoy por hoy juegan duelos amistoso y oficiales, sin embargo era el estreno en sociedad, horario estelar y televisi\u00f3n de por medio.<\/span><\/p>\n<p style=\"text-align: justify;\"><span style=\"font-family: 'Arial','sans-serif';\">El resultado no fue el mejor pero s\u00ed queda el sabor dulce de algunas pinceladas que mostraron los nuevos y antiguos valores de la U.<\/span><\/p>\n<p style=\"text-align: justify;\"><span style=\"font-family: 'Arial','sans-serif';\">Para empezar, no es sorpresa lo de Ram\u00f3n Fern\u00e1ndez, pero podemos decir que esta U, 2013, cuenta con uno de los mejores jugadores del medio en su puesto. Din\u00e1mico, encarador, con visi\u00f3n de f\u00fatbol, sabe manejar el bal\u00f3n. Tuvo su gol comenzando el partido pero un defensor paraguayo ahog\u00f3 en la l\u00ednea el grito azul. Excelente contrataci\u00f3n.<\/span><\/p>\n<p style=\"text-align: justify;\"><span style=\"font-family: 'Arial','sans-serif';\">Pero Fern\u00e1ndez aport\u00f3 con algo m\u00e1s, tal vez sin saberlo. Hizo que el resto del mediocampo creativo funcionara con mucho m\u00e1s velocidad. Lorenzetti y Marino se entendieron a la perfecci\u00f3n con su compatriota y armaron un juego din\u00e1mico y vertiginoso.<\/span><\/p>\n<p style=\"text-align: justify;\"><span style=\"font-family: 'Arial','sans-serif';\">Otra grata impresi\u00f3n dej\u00f3 Michael Contreras, jugador que, tal vez no hizo un partido perfecto, pero dej\u00f3 claro que confianza y personalidad tiene de sobra.<\/span><\/p>\n<p style=\"text-align: justify;\"><span style=\"font-family: 'Arial','sans-serif';\">Otro que sigue creciendo de manera veloz y hoy lo demostr\u00f3 a\u00fan m\u00e1s es Juan Ignacio Duma, delantero que comienza a erguirse como figura de este equipo.<\/span><\/p>\n<p style=\"text-align: justify;\"><span style=\"font-family: 'Arial','sans-serif';\">Creo que este resultado no alarma a nadie, pero el juego mostrado por algunos miembros del plantel, m\u00e1s a\u00fan si sumamos a quienes no est\u00e1n (ya que las mayores falencias se vieron en defensa y toda esa l\u00ednea titular est\u00e1 en la selecci\u00f3n).<\/span><\/p>\n<p style=\"text-align: justify;\"><span style=\"font-family: 'Arial','sans-serif';\">Cuando sea por los puntos, ser\u00e1 otra cosa, hoy dejemos a Franco hacer su trabajo, que el ensayo y error es una de las mejores f\u00f3rmulas para sacar conclusiones y llegar alto. <\/span><\/p>\n","protected":false},"excerpt":{"rendered":"<p>Comenz\u00f3, formalmente, la \u201cera Franco\u201d en Universidad de Chile versi\u00f3n 2013. Una derrota marc\u00f3 el debut del t\u00e9cnico argentino en la banca azul, sin embargo el resultado resulta intrascendente y es, casi, una an\u00e9cdota (no olvidar que Sampaoli se estren\u00f3 con una derrota en la noche azul 2011). Lo importante, ver los movimientos t\u00e1cticos del [&#8230;]<\/p>\n","protected":false},"author":57,"featured_media":4980,"comment_status":"open","ping_status":"open","sticky":false,"template":"","format":"standard","meta":{"footnotes":""},"categories":[18],"tags":[],"class_list":{"0":"post-3371","1":"post","2":"type-post","3":"status-publish","4":"format-standard","5":"has-post-thumbnail","7":"category-actualidad"},"_links":{"self":[{"href":"http:\/\/www.rincondelbulla.cl\/portal\/wp-json\/wp\/v2\/posts\/3371","targetHints":{"allow":["GET"]}}],"collection":[{"href":"http:\/\/www.rincondelbulla.cl\/portal\/wp-json\/wp\/v2\/posts"}],"about":[{"href":"http:\/\/www.rincondelbulla.cl\/portal\/wp-json\/wp\/v2\/types\/post"}],"author":[{"embeddable":true,"href":"http:\/\/www.rincondelbulla.cl\/portal\/wp-json\/wp\/v2\/users\/57"}],"replies":[{"embeddable":true,"href":"http:\/\/www.rincondelbulla.cl\/portal\/wp-json\/wp\/v2\/comments?post=3371"}],"version-history":[{"count":0,"href":"http:\/\/www.rincondelbulla.cl\/portal\/wp-json\/wp\/v2\/posts\/3371\/revisions"}],"wp:featuredmedia":[{"embeddable":true,"href":"http:\/\/www.rincondelbulla.cl\/portal\/wp-json\/wp\/v2\/media\/4980"}],"wp:attachment":[{"href":"http:\/\/www.rincondelbulla.cl\/portal\/wp-json\/wp\/v2\/media?parent=3371"}],"wp:term":[{"taxonomy":"category","embeddable":true,"href":"http:\/\/www.rincondelbulla.cl\/portal\/wp-json\/wp\/v2\/categories?post=3371"},{"taxonomy":"post_tag","embeddable":true,"href":"http:\/\/www.rincondelbulla.cl\/portal\/wp-json\/wp\/v2\/tags?post=3371"}],"curies":[{"name":"wp","href":"https:\/\/api.w.org\/{rel}","templated":true}]}}