{"id":3372,"date":"2013-01-18T16:36:35","date_gmt":"2013-01-18T16:36:35","guid":{"rendered":"http:\/\/www.rincondelbulla.cl\/portal\/?p=3372"},"modified":"2013-01-18T16:36:35","modified_gmt":"2013-01-18T16:36:35","slug":"ex-jugadores-del-bulla-y-el-protagonismo-que-tendra-ramon-fernandez","status":"publish","type":"post","link":"http:\/\/www.rincondelbulla.cl\/portal\/2013\/01\/18\/ex-jugadores-del-bulla-y-el-protagonismo-que-tendra-ramon-fernandez\/","title":{"rendered":"Ex jugadores del Bulla y el protagonismo que tendr\u00e1 Ram\u00f3n Fern\u00e1ndez"},"content":{"rendered":"<p><img loading=\"lazy\" decoding=\"async\" class=\" size-full wp-image-4981\" src=\"http:\/\/www.rincondelbulla.cl\/portal\/wp-content\/uploads\/2013\/01\/1edde6e3c1542de144bd77a6f49a0595.jpg\" alt=\"Foto: Google\" width=\"340\" height=\"255\" srcset=\"http:\/\/www.rincondelbulla.cl\/portal\/wp-content\/uploads\/2013\/01\/1edde6e3c1542de144bd77a6f49a0595.jpg 340w, http:\/\/www.rincondelbulla.cl\/portal\/wp-content\/uploads\/2013\/01\/1edde6e3c1542de144bd77a6f49a0595-300x225.jpg 300w, http:\/\/www.rincondelbulla.cl\/portal\/wp-content\/uploads\/2013\/01\/1edde6e3c1542de144bd77a6f49a0595-80x60.jpg 80w, http:\/\/www.rincondelbulla.cl\/portal\/wp-content\/uploads\/2013\/01\/1edde6e3c1542de144bd77a6f49a0595-265x198.jpg 265w\" sizes=\"auto, (max-width: 340px) 100vw, 340px\" \/><\/p>\n<p>Diego Rivarola y Rodrigo Goldberg ven a Fern\u00e1ndez como el jugador clave del esquema Franco. <!--more--> <span style=\"line-height: 1.3em;\">Universidad de Chile tuvo la presentaci\u00f3n oficial de su plantel de honor en la Noche Azul. Los dirigidos por Dar\u00edo Franco se estrenaron ante su hinchada en el Estadio Santa Laura, donde cayeron por 1-3 ante Nacional de Paraguay.<\/span><\/p>\n<p>Los azules, que no contaron con gran parte de los titulares del plantel por estar en la selecci\u00f3n, comenzaron a exhibir un nuevo estilo de juego, que lleg\u00f3 de la mano del nuevo DT estudiantil.<\/p>\n<p><strong>\u00abEs un equipo que va a tomar m\u00e1s tiempo al momento de realizar una jugada. Se juega con menos intensidad, pero igualmente tiene un estilo que lo va a conservar\u00bb, se\u00f1ala a La Tercera Rodrigo Goldberg, ex ariete azul.<span style=\"line-height: 1.3em;\">\u00abEs un equipo que elabora m\u00e1s la jugada. Se juega m\u00e1s por el medio y las bandas son s\u00f3lo para desequilibrar\u00bb<\/span><\/strong><\/p>\n<p>Sin embargo, el nivel de Ram\u00f3n Fern\u00e1ndez, flamante refuerzo para la temporada 2013, ser\u00e1 clave para el rendimiento que puedan adquirir los dirigidos por Franco.<\/p>\n<p><strong>\u00abComo est\u00e9 Ram\u00f3n Fern\u00e1ndez va a ser clave. Es el motor del equipo y si anda bien, la &#8216;U&#8217; va andar muy bien, ya que el esquema de Franco lo hace protagonista\u00bb<\/strong>, lanz\u00f3 el \u00abPolaco\u00bb.<\/p>\n<p>En tanto, Diego Rivarola, ex ariete del plantel estudiantil, se\u00f1al\u00f3 en relaci\u00f3n al esquema de Franco que<strong> \u00abel concepto futbol\u00edstico es el mismo que el de Sampaoli y Bielsa, pero le pone su visi\u00f3n\u00bb<\/strong> Sin embargo, agreg\u00f3 que faltan jugadores muy importantes para analizar el esquema.<\/p>\n<p><strong>\u00abHay que esperar que est\u00e9 todo el equipo. El v\u00e9rtigo te la posici\u00f3n del equipo y para eso tienen que estar todos los jugadores\u00bb, se\u00f1al\u00f3.<\/strong><\/p>\n<p>Adem\u00e1s, tambi\u00e9n destac\u00f3 a Fern\u00e1ndez como el volante que se tiene que convertir en el \u00abmotor\u00bb de la era Franco.<\/p>\n<p><strong>\u00abFern\u00e1ndez va a ser una persona muy importante. Si hace una buena sociedad con Charles (Ar\u00e1nguiz) el equipo va a funcionar bien\u00bb.<\/strong><\/p>\n<p><strong>\u00abLa idea de la &#8216;U&#8217; es que Fern\u00e1ndez sea el motor del equipo y demuestre lo que ha realizado en equipos anteriores. Espero que la adaptaci\u00f3n sea lo m\u00e1s r\u00e1pido posible\u00bb<\/strong>.<\/p>\n<p>&nbsp;<\/p>\n<p><strong>Fuente: La Tercera<\/strong><\/p>\n","protected":false},"excerpt":{"rendered":"<p>Diego Rivarola y Rodrigo Goldberg ven a Fern\u00e1ndez como el jugador clave del esquema Franco.<\/p>\n","protected":false},"author":56,"featured_media":4981,"comment_status":"open","ping_status":"open","sticky":false,"template":"","format":"standard","meta":{"footnotes":""},"categories":[18],"tags":[],"class_list":{"0":"post-3372","1":"post","2":"type-post","3":"status-publish","4":"format-standard","5":"has-post-thumbnail","7":"category-actualidad"},"_links":{"self":[{"href":"http:\/\/www.rincondelbulla.cl\/portal\/wp-json\/wp\/v2\/posts\/3372","targetHints":{"allow":["GET"]}}],"collection":[{"href":"http:\/\/www.rincondelbulla.cl\/portal\/wp-json\/wp\/v2\/posts"}],"about":[{"href":"http:\/\/www.rincondelbulla.cl\/portal\/wp-json\/wp\/v2\/types\/post"}],"author":[{"embeddable":true,"href":"http:\/\/www.rincondelbulla.cl\/portal\/wp-json\/wp\/v2\/users\/56"}],"replies":[{"embeddable":true,"href":"http:\/\/www.rincondelbulla.cl\/portal\/wp-json\/wp\/v2\/comments?post=3372"}],"version-history":[{"count":0,"href":"http:\/\/www.rincondelbulla.cl\/portal\/wp-json\/wp\/v2\/posts\/3372\/revisions"}],"wp:featuredmedia":[{"embeddable":true,"href":"http:\/\/www.rincondelbulla.cl\/portal\/wp-json\/wp\/v2\/media\/4981"}],"wp:attachment":[{"href":"http:\/\/www.rincondelbulla.cl\/portal\/wp-json\/wp\/v2\/media?parent=3372"}],"wp:term":[{"taxonomy":"category","embeddable":true,"href":"http:\/\/www.rincondelbulla.cl\/portal\/wp-json\/wp\/v2\/categories?post=3372"},{"taxonomy":"post_tag","embeddable":true,"href":"http:\/\/www.rincondelbulla.cl\/portal\/wp-json\/wp\/v2\/tags?post=3372"}],"curies":[{"name":"wp","href":"https:\/\/api.w.org\/{rel}","templated":true}]}}