{"id":3373,"date":"2013-01-18T16:45:55","date_gmt":"2013-01-18T16:45:55","guid":{"rendered":"http:\/\/www.rincondelbulla.cl\/portal\/?p=3373"},"modified":"2013-01-18T16:45:55","modified_gmt":"2013-01-18T16:45:55","slug":"dario-franco-quedo-tranquilo-con-el-desempeno-del-equipo","status":"publish","type":"post","link":"http:\/\/www.rincondelbulla.cl\/portal\/2013\/01\/18\/dario-franco-quedo-tranquilo-con-el-desempeno-del-equipo\/","title":{"rendered":"Dar\u00edo Franco qued\u00f3 tranquilo con el desempe\u00f1o del equipo"},"content":{"rendered":"<p><img loading=\"lazy\" decoding=\"async\" class=\" size-full wp-image-4982\" src=\"http:\/\/www.rincondelbulla.cl\/portal\/wp-content\/uploads\/2013\/01\/aca84fe24de04e5f5646b2d62232f406.jpg\" alt=\"\" width=\"619\" height=\"464\" srcset=\"http:\/\/www.rincondelbulla.cl\/portal\/wp-content\/uploads\/2013\/01\/aca84fe24de04e5f5646b2d62232f406.jpg 619w, http:\/\/www.rincondelbulla.cl\/portal\/wp-content\/uploads\/2013\/01\/aca84fe24de04e5f5646b2d62232f406-300x225.jpg 300w, http:\/\/www.rincondelbulla.cl\/portal\/wp-content\/uploads\/2013\/01\/aca84fe24de04e5f5646b2d62232f406-80x60.jpg 80w, http:\/\/www.rincondelbulla.cl\/portal\/wp-content\/uploads\/2013\/01\/aca84fe24de04e5f5646b2d62232f406-265x198.jpg 265w, http:\/\/www.rincondelbulla.cl\/portal\/wp-content\/uploads\/2013\/01\/aca84fe24de04e5f5646b2d62232f406-560x420.jpg 560w\" sizes=\"auto, (max-width: 619px) 100vw, 619px\" \/><\/p>\n<p>El estretaga le dio importancia a que su idea de juego se plasma en la cacnha y que los jugadores entienden lo que se les pide. <!--more--> <span style=\"line-height: 1.3em;\">Pese a la derrota con Nacional de Paraguay, el DT de la Universidad de Chile qued\u00f3 tranquilo con lo mostrado por sus pupilos. Por otro lado, Roberto Cereceda reconoci\u00f3 que hay un gran inter\u00e9s de parte de Estudiantes de La Plata.<\/span><\/p>\n<p>Dar\u00edo Franco qued\u00f3 muy tranquilo con el debut en la \u00abU\u00bb, pese a que cay\u00f3 con Nacional de Paraguay. El DT de la Universidad de Chile valor\u00f3 lo mostrado por sus jugadores, pero sabe que hay cosas por mejorar junto con el plantel completo.<\/p>\n<p><strong>\u00abSiempre cuando se empieza un proceso, hay que mejorar mucho, pero m\u00e1s all\u00e1 de que hayan cosas buenas, estoy tranquilo, porque el grupo entiende lo que se le pide, y eso lo valoro\u00bb<\/strong>, sostuvo el t\u00e9cnico argentino.<\/p>\n<p>Por otro lado, Roberto Cereceda no tuvo un buen debut en el 2013, quiz\u00e1s porque estaba pensando en la oferta que tiene desde Argentina. El zurdo reconoci\u00f3 que hay mucho inter\u00e9s de parte de Estudiantes de La Plata.<\/p>\n<p><strong>\u00abTengo ganas de ir, quiero tener continuidad, es un t\u00e9cnico que conozco y ver si en estos d\u00edas se concreta\u00bb, manifest\u00f3.<\/strong><\/p>\n<p><strong>&nbsp;<\/strong><\/p>\n<p><strong>Fuente: Red Gol.<\/strong><\/p>\n","protected":false},"excerpt":{"rendered":"<p>El estretaga le dio importancia a que su idea de juego se plasma en la cacnha y que los jugadores entienden lo que se les pide.<\/p>\n","protected":false},"author":56,"featured_media":4982,"comment_status":"open","ping_status":"open","sticky":false,"template":"","format":"standard","meta":{"footnotes":""},"categories":[18],"tags":[],"class_list":{"0":"post-3373","1":"post","2":"type-post","3":"status-publish","4":"format-standard","5":"has-post-thumbnail","7":"category-actualidad"},"_links":{"self":[{"href":"http:\/\/www.rincondelbulla.cl\/portal\/wp-json\/wp\/v2\/posts\/3373","targetHints":{"allow":["GET"]}}],"collection":[{"href":"http:\/\/www.rincondelbulla.cl\/portal\/wp-json\/wp\/v2\/posts"}],"about":[{"href":"http:\/\/www.rincondelbulla.cl\/portal\/wp-json\/wp\/v2\/types\/post"}],"author":[{"embeddable":true,"href":"http:\/\/www.rincondelbulla.cl\/portal\/wp-json\/wp\/v2\/users\/56"}],"replies":[{"embeddable":true,"href":"http:\/\/www.rincondelbulla.cl\/portal\/wp-json\/wp\/v2\/comments?post=3373"}],"version-history":[{"count":0,"href":"http:\/\/www.rincondelbulla.cl\/portal\/wp-json\/wp\/v2\/posts\/3373\/revisions"}],"wp:featuredmedia":[{"embeddable":true,"href":"http:\/\/www.rincondelbulla.cl\/portal\/wp-json\/wp\/v2\/media\/4982"}],"wp:attachment":[{"href":"http:\/\/www.rincondelbulla.cl\/portal\/wp-json\/wp\/v2\/media?parent=3373"}],"wp:term":[{"taxonomy":"category","embeddable":true,"href":"http:\/\/www.rincondelbulla.cl\/portal\/wp-json\/wp\/v2\/categories?post=3373"},{"taxonomy":"post_tag","embeddable":true,"href":"http:\/\/www.rincondelbulla.cl\/portal\/wp-json\/wp\/v2\/tags?post=3373"}],"curies":[{"name":"wp","href":"https:\/\/api.w.org\/{rel}","templated":true}]}}