{"id":3374,"date":"2013-01-21T16:16:46","date_gmt":"2013-01-21T16:16:46","guid":{"rendered":"http:\/\/www.rincondelbulla.cl\/portal\/?p=3374"},"modified":"2013-01-21T16:16:46","modified_gmt":"2013-01-21T16:16:46","slug":"la-previa-la-u-2013-sigue-en-la-pelea-por-la-copa-chile","status":"publish","type":"post","link":"http:\/\/www.rincondelbulla.cl\/portal\/2013\/01\/21\/la-previa-la-u-2013-sigue-en-la-pelea-por-la-copa-chile\/","title":{"rendered":"La Previa: La \u201cU\u201d 2013 sigue en la pelea por la Copa Chile"},"content":{"rendered":"<p><img loading=\"lazy\" decoding=\"async\" class=\" size-full wp-image-4983\" src=\"http:\/\/www.rincondelbulla.cl\/portal\/wp-content\/uploads\/2013\/01\/e520f9d433a514b9416a482f614ea6fd.jpg\" alt=\"\" width=\"700\" height=\"396\" srcset=\"http:\/\/www.rincondelbulla.cl\/portal\/wp-content\/uploads\/2013\/01\/e520f9d433a514b9416a482f614ea6fd.jpg 700w, http:\/\/www.rincondelbulla.cl\/portal\/wp-content\/uploads\/2013\/01\/e520f9d433a514b9416a482f614ea6fd-300x170.jpg 300w, http:\/\/www.rincondelbulla.cl\/portal\/wp-content\/uploads\/2013\/01\/e520f9d433a514b9416a482f614ea6fd-696x394.jpg 696w\" sizes=\"auto, (max-width: 700px) 100vw, 700px\" \/><\/p>\n<p><strong>Universidad de Chile se prepara para enfrentar a Uni\u00f3n Temuco por cuartos de final de la Copa Chile, el elenco azul va por la corona del certamen, ya que es la \u00fanica forma con la cual puede acceder a la Copa Sudamericana de este a\u00f1o.<\/strong><\/p>\n<p>  <!--more-->  <\/p>\n<p><strong><span style=\"line-height: 1.3em;\"><\/span><\/strong><\/p>\n<p>&nbsp;<\/p>\n<p><strong><span style=\"line-height: 1.3em;\">Por Felipe Inostroza<\/span><\/strong><\/p>\n<p>&nbsp;<\/p>\n<p>El 2 de diciembre fue el \u00faltimo partido oficial de &nbsp;Universidad de Chile y tambi\u00e9n el \u00faltimo de Jorge Sampaoli en la banca azul. El encuentro fue disputado ante &nbsp;Universidad de Concepci\u00f3n en el Estadio Municipal de Collao en el marco de la Copa Chile, \u00bfel resultado? &nbsp;3-1 favorable a los azules.<\/p>\n<p>Este martes 22 bajo el mando t\u00e9cnico de Dar\u00edo Franco el Le\u00f3n vuelve a la carga por la Copa Chile. El encuentro ser\u00e1 ante Uni\u00f3n Temuco, cuadro del cual es propietario uno de los m\u00e1ximos referentes azules, Marcelo Salas.<\/p>\n<p>El equipo laico viene de un deslucido encuentro en la Noche Azul ante Nacional de Paraguay, pero que sirvi\u00f3 para afinar las piezas para el primer partido oficial del a\u00f1o en la novena regi\u00f3n. <strong>El t\u00e9cnico azul, Dar\u00edo Franco declar\u00f3: \u201cA Uni\u00f3n Temuco trataremos de presionarlo. Ser\u00e1 un partido complicado\u201d.<\/strong><\/p>\n<p>El partido v\u00e1lido por los cuartos de final se disputar\u00e1 a las 20 horas en el Estadio Germ\u00e1n Becker de Temuco. Las entradas se encuentran a la venta en las boleter\u00edas del estadio, desde los $5.000 la galer\u00eda hasta los $20.000 la entrada Vip.<\/p>\n","protected":false},"excerpt":{"rendered":"<p>Universidad de Chile se prepara para enfrentar a Uni\u00f3n Temuco por cuartos de final de la Copa Chile, el elenco azul va por la corona del certamen, ya que es la \u00fanica forma con la cual puede acceder a la Copa Sudamericana de este a\u00f1o.<\/p>\n","protected":false},"author":56,"featured_media":4983,"comment_status":"open","ping_status":"open","sticky":false,"template":"","format":"standard","meta":{"footnotes":""},"categories":[18],"tags":[],"class_list":{"0":"post-3374","1":"post","2":"type-post","3":"status-publish","4":"format-standard","5":"has-post-thumbnail","7":"category-actualidad"},"_links":{"self":[{"href":"http:\/\/www.rincondelbulla.cl\/portal\/wp-json\/wp\/v2\/posts\/3374","targetHints":{"allow":["GET"]}}],"collection":[{"href":"http:\/\/www.rincondelbulla.cl\/portal\/wp-json\/wp\/v2\/posts"}],"about":[{"href":"http:\/\/www.rincondelbulla.cl\/portal\/wp-json\/wp\/v2\/types\/post"}],"author":[{"embeddable":true,"href":"http:\/\/www.rincondelbulla.cl\/portal\/wp-json\/wp\/v2\/users\/56"}],"replies":[{"embeddable":true,"href":"http:\/\/www.rincondelbulla.cl\/portal\/wp-json\/wp\/v2\/comments?post=3374"}],"version-history":[{"count":0,"href":"http:\/\/www.rincondelbulla.cl\/portal\/wp-json\/wp\/v2\/posts\/3374\/revisions"}],"wp:featuredmedia":[{"embeddable":true,"href":"http:\/\/www.rincondelbulla.cl\/portal\/wp-json\/wp\/v2\/media\/4983"}],"wp:attachment":[{"href":"http:\/\/www.rincondelbulla.cl\/portal\/wp-json\/wp\/v2\/media?parent=3374"}],"wp:term":[{"taxonomy":"category","embeddable":true,"href":"http:\/\/www.rincondelbulla.cl\/portal\/wp-json\/wp\/v2\/categories?post=3374"},{"taxonomy":"post_tag","embeddable":true,"href":"http:\/\/www.rincondelbulla.cl\/portal\/wp-json\/wp\/v2\/tags?post=3374"}],"curies":[{"name":"wp","href":"https:\/\/api.w.org\/{rel}","templated":true}]}}