{"id":3375,"date":"2013-01-23T01:04:59","date_gmt":"2013-01-23T01:04:59","guid":{"rendered":"http:\/\/www.rincondelbulla.cl\/portal\/?p=3375"},"modified":"2013-01-23T01:04:59","modified_gmt":"2013-01-23T01:04:59","slug":"la-u-de-franco-debuto-con-triunfo-en-duelos-oficiales","status":"publish","type":"post","link":"http:\/\/www.rincondelbulla.cl\/portal\/2013\/01\/23\/la-u-de-franco-debuto-con-triunfo-en-duelos-oficiales\/","title":{"rendered":"La U de Franco debut\u00f3 con triunfo en duelos oficiales"},"content":{"rendered":"<figure id=\"attachment_4984\" aria-describedby=\"caption-attachment-4984\" style=\"width: 620px\" class=\"wp-caption alignnone\"><img loading=\"lazy\" decoding=\"async\" class=\" size-full wp-image-4984\" src=\"http:\/\/www.rincondelbulla.cl\/portal\/wp-content\/uploads\/2013\/01\/2c3b54c343fb0e46b77fe1723e89ccb5.jpg\" alt=\"\" class=\"caption\" title=\"Franco debut\u00f3 por los puntos\" width=\"620\" height=\"360\" srcset=\"http:\/\/www.rincondelbulla.cl\/portal\/wp-content\/uploads\/2013\/01\/2c3b54c343fb0e46b77fe1723e89ccb5.jpg 620w, http:\/\/www.rincondelbulla.cl\/portal\/wp-content\/uploads\/2013\/01\/2c3b54c343fb0e46b77fe1723e89ccb5-300x174.jpg 300w\" sizes=\"auto, (max-width: 620px) 100vw, 620px\" \/><figcaption id=\"caption-attachment-4984\" class=\"wp-caption-text\">Franco debut\u00f3 por los puntos<\/figcaption><\/figure>\n<p style=\"text-align: justify;\"><b><span style=\"font-family: 'Arial','sans-serif';\">Universidad de Chile arranc\u00f3 en torneos oficiales la temporada 2013 y lo hizo con un triunfo holgado frente a Uni\u00f3n Temuco. Los azules mostraron buen f\u00fatbol, toque y verticalidad. Poco a poco podemos ver c\u00f3mo se viene el equipo en la era Franco y si es como hoy, la cosa se ve bien encaminada. <i><\/i><\/span><\/b><\/p>\n<p style=\"text-align: justify;\"><b><span style=\"font-family: 'Arial','sans-serif';\"> <!--more--> <\/span><\/b><\/p>\n<p style=\"text-align: justify;\"><span style=\"font-family: 'Arial','sans-serif';\">No era un partido f\u00e1cil. Primer duelo por los puntos del equipo de Franco, que no hab\u00eda hecho un buen partido en la \u201cnoche azul\u201d, sin embargo ese no era par\u00e1metro para medir al equipo.<\/span><\/p>\n<p style=\"text-align: justify;\"><span style=\"font-family: 'Arial','sans-serif';\">En un comienzo los azules dominaron el duelo, pero no exist\u00eda el ataque vertiginoso que impuso Sampaoli y que, sin lugar a dudas, dej\u00f3 la vara muy alta para quien llegara a sustituirlo. Pero s\u00ed se ve\u00eda m\u00e1s toque en el juego, jugadas algo m\u00e1s elaboradas para llegar al p\u00f3rtico rival. <\/span><\/p>\n<p style=\"text-align: justify;\"><span style=\"font-family: 'Arial','sans-serif';\">Por lo mismo la apertura de la cuenta cost\u00f3. Reci\u00e9n, en el minuto 36, tras tiro libre de Ram\u00f3n Fern\u00e1ndez, Paulo Magalhaes conect\u00f3 de cabeza para abrir el marcador. La U dominaba pero costaba concretar, incluso costaba generar peligro.<\/span><\/p>\n<p style=\"text-align: justify;\"><span style=\"font-family: 'Arial','sans-serif';\">Pero la apertura de la cuenta relaj\u00f3 a los azules y se not\u00f3 el cambio de \u00e1nimo. La U se fue con todo frente al arco rival y gener\u00f3 muchas jugadas de peligro, continuando el buen toque y siguiendo la consigna de no dejar de atacar, a\u00fan tras ir en ventaja.<\/span><\/p>\n<p style=\"text-align: justify;\"><span style=\"font-family: 'Arial','sans-serif';\">Fue as\u00ed como en la segunda parte Universidad de Chile sigui\u00f3 demostrando superioridad y lo plasm\u00f3 en la cancha con m\u00e1s goles. Cort\u00e9s a los 67\u2019 y Rodr\u00edguez, de penal, a los 71\u2019 decretaron el 0-3 definitivo que deja a la U con un pie en la semifinal de Copa Chile.<\/span><\/p>\n<p style=\"text-align: justify;\"><span style=\"font-family: 'Arial','sans-serif';\">Quiz\u00e1s lo m\u00e1s rescatable y nuevo en la U es que mostr\u00f3 mayor solidez defensiva y el par de veces que fall\u00f3 la defensa, Herrera se encarg\u00f3 de demostrar por qu\u00e9 sigue siendo el mejor arquero de Chile, sin lugar a dudas.<\/span><\/p>\n<p style=\"text-align: justify;\"><span style=\"font-family: 'Arial','sans-serif';\">Muy alto el nivel de Lorenzetti, Mena, Fern\u00e1ndez, Acevedo y Rojas, por nombrar a los mejores. Es de esperar que el planteamiento mostrado hoy sea el que generalice el a\u00f1o y que el triunfo, sin menospreciar a Uni\u00f3n Temuco, frente a un equipo de Primera B sea un buen augurio de lo que viene este a\u00f1o 2013.<\/span><\/p>\n","protected":false},"excerpt":{"rendered":"<p>Universidad de Chile arranc\u00f3 en torneos oficiales la temporada 2013 y lo hizo con un triunfo holgado frente a Uni\u00f3n Temuco. Los azules mostraron buen f\u00fatbol, toque y verticalidad. Poco a poco podemos ver c\u00f3mo se viene el equipo en la era Franco y si es como hoy, la cosa se ve bien encaminada.<\/p>\n","protected":false},"author":57,"featured_media":4984,"comment_status":"open","ping_status":"open","sticky":false,"template":"","format":"standard","meta":{"footnotes":""},"categories":[18],"tags":[],"class_list":{"0":"post-3375","1":"post","2":"type-post","3":"status-publish","4":"format-standard","5":"has-post-thumbnail","7":"category-actualidad"},"_links":{"self":[{"href":"http:\/\/www.rincondelbulla.cl\/portal\/wp-json\/wp\/v2\/posts\/3375","targetHints":{"allow":["GET"]}}],"collection":[{"href":"http:\/\/www.rincondelbulla.cl\/portal\/wp-json\/wp\/v2\/posts"}],"about":[{"href":"http:\/\/www.rincondelbulla.cl\/portal\/wp-json\/wp\/v2\/types\/post"}],"author":[{"embeddable":true,"href":"http:\/\/www.rincondelbulla.cl\/portal\/wp-json\/wp\/v2\/users\/57"}],"replies":[{"embeddable":true,"href":"http:\/\/www.rincondelbulla.cl\/portal\/wp-json\/wp\/v2\/comments?post=3375"}],"version-history":[{"count":0,"href":"http:\/\/www.rincondelbulla.cl\/portal\/wp-json\/wp\/v2\/posts\/3375\/revisions"}],"wp:featuredmedia":[{"embeddable":true,"href":"http:\/\/www.rincondelbulla.cl\/portal\/wp-json\/wp\/v2\/media\/4984"}],"wp:attachment":[{"href":"http:\/\/www.rincondelbulla.cl\/portal\/wp-json\/wp\/v2\/media?parent=3375"}],"wp:term":[{"taxonomy":"category","embeddable":true,"href":"http:\/\/www.rincondelbulla.cl\/portal\/wp-json\/wp\/v2\/categories?post=3375"},{"taxonomy":"post_tag","embeddable":true,"href":"http:\/\/www.rincondelbulla.cl\/portal\/wp-json\/wp\/v2\/tags?post=3375"}],"curies":[{"name":"wp","href":"https:\/\/api.w.org\/{rel}","templated":true}]}}