{"id":3376,"date":"2013-01-24T11:55:00","date_gmt":"2013-01-24T11:55:00","guid":{"rendered":"http:\/\/www.rincondelbulla.cl\/portal\/?p=3376"},"modified":"2013-01-24T11:55:00","modified_gmt":"2013-01-24T11:55:00","slug":"roberto-cereceda-seguira-vistiendo-la-camiseta-azul-de-la-u","status":"publish","type":"post","link":"http:\/\/www.rincondelbulla.cl\/portal\/2013\/01\/24\/roberto-cereceda-seguira-vistiendo-la-camiseta-azul-de-la-u\/","title":{"rendered":"Roberto Cereceda seguir\u00e1 vistiendo la camiseta azul de la U"},"content":{"rendered":"<p><img loading=\"lazy\" decoding=\"async\" class=\" size-full wp-image-4985\" src=\"http:\/\/www.rincondelbulla.cl\/portal\/wp-content\/uploads\/2013\/01\/95dd8453f46bfb907a733e696f0a08c1.jpg\" alt=\"\" width=\"700\" height=\"396\" srcset=\"http:\/\/www.rincondelbulla.cl\/portal\/wp-content\/uploads\/2013\/01\/95dd8453f46bfb907a733e696f0a08c1.jpg 700w, http:\/\/www.rincondelbulla.cl\/portal\/wp-content\/uploads\/2013\/01\/95dd8453f46bfb907a733e696f0a08c1-300x170.jpg 300w, http:\/\/www.rincondelbulla.cl\/portal\/wp-content\/uploads\/2013\/01\/95dd8453f46bfb907a733e696f0a08c1-696x394.jpg 696w\" sizes=\"auto, (max-width: 700px) 100vw, 700px\" \/><\/p>\n<p><strong>El zurdo de Universidad de Chile no partir\u00e1 al elenco \u00abPincharata\u00bb, as\u00ed lo confirm\u00f3 la dirigencia.Pese a que el jugador deseaba partir la suma de 1,5 millones de d\u00f3lares que ped\u00eda Universidad de Chile por la compra del pase les pareci\u00f3 exesiva ala dirigencia del cuadro trasandino. <!--more--> <\/strong><span style=\"line-height: 1.3em;\">Roberto Cereceda quer\u00eda ir a Estudiantes de La Plata, de donde fue pedido expresamente por Diego Cagna, quien lo dirigi\u00f3 en Colo Colo. Pero no. Al menos por ahora, el zurdo deber\u00e1 continuar en Universidad de Chile debido a que ambos clubes no pudieron llegar a acuerdo econ\u00f3mico por el pr\u00e9stamo del jugador.<\/span><\/p>\n<p>La transferencia iba a ser un pr\u00e9stamo por seis meses con una opci\u00f3n de compra, que fue finalmente la piedra de tope en la negociaci\u00f3n. \u00bfPor qu\u00e9? Porque la &#8216;U&#8217; pretend\u00eda una cl\u00e1usula de 1,5 millones de d\u00f3lares por la venta del pase del ex Audax Italiano, cifra que le pareci\u00f3 demasiado elevada a los dirigentes del elenco &#8216;Pincharrata&#8217;.<\/p>\n<p>Es m\u00e1s, el presidente de Estudiantes, Enrique Lombardi, fue quien confirm\u00f3 en un programa de televisi\u00f3n que no van a hacer m\u00e1s incorporaciones, con lo que Diego Cagna deber\u00e1 arregl\u00e1rselas solo con Alessio Innocenti y Kevin Rend\u00f3n como refuerzos y sin el futbolista que pudiera ser una variante por la banda izquierda que tanto pidi\u00f3.<\/p>\n<p>As\u00ed las cosas, Cereceda -que ni siquiera viaj\u00f3 a Temuco con el resto del plantel estudiantil para jugar los cuartos de final de Copa Chile contra Uni\u00f3n Temuco- seguir\u00e1 bajo las \u00f3rdenes de Dar\u00edo Franco y, al menos por ahora, continuar\u00e1 siendo una alternativa en el plantel de Universidad de Chile.<\/p>\n<p>&nbsp;<\/p>\n<p><strong>Fuente: Prensa F\u00fatbol<\/strong><\/p>\n","protected":false},"excerpt":{"rendered":"<p>El zurdo de Universidad de Chile no partir\u00e1 al elenco \u00abPincharata\u00bb, as\u00ed lo confirm\u00f3 la dirigencia.Pese a que el jugador deseaba partir la suma de 1,5 millones de d\u00f3lares que ped\u00eda Universidad de Chile por la compra del pase les pareci\u00f3 exesiva ala dirigencia del cuadro trasandino.<\/p>\n","protected":false},"author":56,"featured_media":4985,"comment_status":"open","ping_status":"open","sticky":false,"template":"","format":"standard","meta":{"footnotes":""},"categories":[18],"tags":[],"class_list":{"0":"post-3376","1":"post","2":"type-post","3":"status-publish","4":"format-standard","5":"has-post-thumbnail","7":"category-actualidad"},"_links":{"self":[{"href":"http:\/\/www.rincondelbulla.cl\/portal\/wp-json\/wp\/v2\/posts\/3376","targetHints":{"allow":["GET"]}}],"collection":[{"href":"http:\/\/www.rincondelbulla.cl\/portal\/wp-json\/wp\/v2\/posts"}],"about":[{"href":"http:\/\/www.rincondelbulla.cl\/portal\/wp-json\/wp\/v2\/types\/post"}],"author":[{"embeddable":true,"href":"http:\/\/www.rincondelbulla.cl\/portal\/wp-json\/wp\/v2\/users\/56"}],"replies":[{"embeddable":true,"href":"http:\/\/www.rincondelbulla.cl\/portal\/wp-json\/wp\/v2\/comments?post=3376"}],"version-history":[{"count":0,"href":"http:\/\/www.rincondelbulla.cl\/portal\/wp-json\/wp\/v2\/posts\/3376\/revisions"}],"wp:featuredmedia":[{"embeddable":true,"href":"http:\/\/www.rincondelbulla.cl\/portal\/wp-json\/wp\/v2\/media\/4985"}],"wp:attachment":[{"href":"http:\/\/www.rincondelbulla.cl\/portal\/wp-json\/wp\/v2\/media?parent=3376"}],"wp:term":[{"taxonomy":"category","embeddable":true,"href":"http:\/\/www.rincondelbulla.cl\/portal\/wp-json\/wp\/v2\/categories?post=3376"},{"taxonomy":"post_tag","embeddable":true,"href":"http:\/\/www.rincondelbulla.cl\/portal\/wp-json\/wp\/v2\/tags?post=3376"}],"curies":[{"name":"wp","href":"https:\/\/api.w.org\/{rel}","templated":true}]}}