{"id":3377,"date":"2013-01-24T11:59:41","date_gmt":"2013-01-24T11:59:41","guid":{"rendered":"http:\/\/www.rincondelbulla.cl\/portal\/?p=3377"},"modified":"2013-01-24T11:59:41","modified_gmt":"2013-01-24T11:59:41","slug":"grande-pepe-fue-le-mejor-del-2012","status":"publish","type":"post","link":"http:\/\/www.rincondelbulla.cl\/portal\/2013\/01\/24\/grande-pepe-fue-le-mejor-del-2012\/","title":{"rendered":"\u00a1\u00a1\u00a1Grande Pepe!!!. Fue le mejor del 2012"},"content":{"rendered":"<p><img loading=\"lazy\" decoding=\"async\" class=\" size-full wp-image-4986\" src=\"http:\/\/www.rincondelbulla.cl\/portal\/wp-content\/uploads\/2013\/01\/a90c08eb4b03875c88f5de0fec395ab5.jpg\" alt=\"\" width=\"700\" height=\"396\" srcset=\"http:\/\/www.rincondelbulla.cl\/portal\/wp-content\/uploads\/2013\/01\/a90c08eb4b03875c88f5de0fec395ab5.jpg 700w, http:\/\/www.rincondelbulla.cl\/portal\/wp-content\/uploads\/2013\/01\/a90c08eb4b03875c88f5de0fec395ab5-300x170.jpg 300w, http:\/\/www.rincondelbulla.cl\/portal\/wp-content\/uploads\/2013\/01\/a90c08eb4b03875c88f5de0fec395ab5-696x394.jpg 696w\" sizes=\"auto, (max-width: 700px) 100vw, 700px\" \/><\/p>\n<p><strong>Ayer se entreg\u00f3 la nomina del equipo ideal de la temporara 2012 y se reconoci\u00f3 al mejor e los jugadores, el premio del Bal\u00f3n de Oro 2012 recay\u00f3 en el Capit\u00e1n azul Jos\u00e9 \u00abPepe\u00bb Rojas. <!--more--> <\/strong><span style=\"line-height: 1.3em;\">La Asociaci\u00f3n determin\u00f3 al equipo ideal y al mejor de todos de la temporada 2012. Aparecen nombres de la U, Colo Colo, O\u00b4Higgins, Huachipato y la Uni\u00f3n Espa\u00f1ola.&nbsp;<\/span><\/p>\n<p><strong>Equipo ideal para la ANFP<\/strong><\/p>\n<p>Arquero: Johnny Herrera (UCH)<\/p>\n<p>Lateral derecho: Yerson Opazo (OHI)<\/p>\n<p>Defensa central 1: Omar Merlo (HUA)<\/p>\n<p>Defensa central 2: Jos\u00e9 Rojas (UCH)<\/p>\n<p>Lateral izquierdo: Eugenio Mena (UCH)<\/p>\n<p>Volante defensivo 1: Lorenzo Reyes (HUA)<\/p>\n<p>Volante defensivo 2: Gonzalo Villagra (UE)<\/p>\n<p>Volante ofensivo 1: Ram\u00f3n Fern\u00e1ndez (OHI, ahora en la U)<\/p>\n<p>Volante ofensivo 2: Charles Ar\u00e1nguiz (UCH)<\/p>\n<p>Delantero 1: Carlos Mu\u00f1oz (CC)<\/p>\n<p>Delantero 2: Sebasti\u00e1n Jaime (UE)<\/p>\n<p>Mejor DT: Jos\u00e9 Luis Sierra (UE)<\/p>\n<p>Bot\u00edn de Oro al goleador: Sebasti\u00e1n Jaime (UE)<\/p>\n<p><strong>Bal\u00f3n de Oro al mejor: Jos\u00e9 Rojas (UCH) (en la terna final estaban Sebasti\u00e1n Jaime y Johnny Herrera)<\/strong><\/p>\n<p>Mejor \u00e1rbitro: Jorge Osorio\/mejor \u00e1rbitra: Loreto Toloza<\/p>\n<p>Mejor dirigente: Carlos Ferry (SMA)<\/p>\n<p>Adem\u00e1s recibi\u00f3 un reconocimiento el plantel de Colo Colo femenino por la Libertadores conseguida la temporada pasada.<\/p>\n<p>Las votaciones se realizaron en la p\u00e1gina oficial de la ANFP y de un panel de expertos de exjugadores y seleccionados.<\/p>\n<p>&nbsp;<\/p>\n<p><strong>Fuente: Red Gol<\/strong><\/p>\n","protected":false},"excerpt":{"rendered":"<p>Ayer se entreg\u00f3 la nomina del equipo ideal de la temporara 2012 y se reconoci\u00f3 al mejor e los jugadores, el premio del Bal\u00f3n de Oro 2012 recay\u00f3 en el Capit\u00e1n azul Jos\u00e9 \u00abPepe\u00bb Rojas.<\/p>\n","protected":false},"author":56,"featured_media":4986,"comment_status":"open","ping_status":"open","sticky":false,"template":"","format":"standard","meta":{"footnotes":""},"categories":[18],"tags":[],"class_list":{"0":"post-3377","1":"post","2":"type-post","3":"status-publish","4":"format-standard","5":"has-post-thumbnail","7":"category-actualidad"},"_links":{"self":[{"href":"http:\/\/www.rincondelbulla.cl\/portal\/wp-json\/wp\/v2\/posts\/3377","targetHints":{"allow":["GET"]}}],"collection":[{"href":"http:\/\/www.rincondelbulla.cl\/portal\/wp-json\/wp\/v2\/posts"}],"about":[{"href":"http:\/\/www.rincondelbulla.cl\/portal\/wp-json\/wp\/v2\/types\/post"}],"author":[{"embeddable":true,"href":"http:\/\/www.rincondelbulla.cl\/portal\/wp-json\/wp\/v2\/users\/56"}],"replies":[{"embeddable":true,"href":"http:\/\/www.rincondelbulla.cl\/portal\/wp-json\/wp\/v2\/comments?post=3377"}],"version-history":[{"count":0,"href":"http:\/\/www.rincondelbulla.cl\/portal\/wp-json\/wp\/v2\/posts\/3377\/revisions"}],"wp:featuredmedia":[{"embeddable":true,"href":"http:\/\/www.rincondelbulla.cl\/portal\/wp-json\/wp\/v2\/media\/4986"}],"wp:attachment":[{"href":"http:\/\/www.rincondelbulla.cl\/portal\/wp-json\/wp\/v2\/media?parent=3377"}],"wp:term":[{"taxonomy":"category","embeddable":true,"href":"http:\/\/www.rincondelbulla.cl\/portal\/wp-json\/wp\/v2\/categories?post=3377"},{"taxonomy":"post_tag","embeddable":true,"href":"http:\/\/www.rincondelbulla.cl\/portal\/wp-json\/wp\/v2\/tags?post=3377"}],"curies":[{"name":"wp","href":"https:\/\/api.w.org\/{rel}","templated":true}]}}