{"id":3379,"date":"2013-01-25T23:44:24","date_gmt":"2013-01-25T23:44:24","guid":{"rendered":"http:\/\/www.rincondelbulla.cl\/portal\/?p=3379"},"modified":"2013-01-25T23:44:24","modified_gmt":"2013-01-25T23:44:24","slug":"el-eterno-problema-del-estadio-intendencia-no-autoriza-duelo-entre-wandrers-y-la-u","status":"publish","type":"post","link":"http:\/\/www.rincondelbulla.cl\/portal\/2013\/01\/25\/el-eterno-problema-del-estadio-intendencia-no-autoriza-duelo-entre-wandrers-y-la-u\/","title":{"rendered":"El eterno problema del estadio: Intendencia no autoriza duelo entre Wanderers y la U"},"content":{"rendered":"<p><img loading=\"lazy\" decoding=\"async\" class=\" size-full wp-image-4988\" src=\"http:\/\/www.rincondelbulla.cl\/portal\/wp-content\/uploads\/2013\/01\/9b710b3cebee742ba341f3e85df7e36f.jpg\" alt=\"\" width=\"700\" height=\"396\" srcset=\"http:\/\/www.rincondelbulla.cl\/portal\/wp-content\/uploads\/2013\/01\/9b710b3cebee742ba341f3e85df7e36f.jpg 700w, http:\/\/www.rincondelbulla.cl\/portal\/wp-content\/uploads\/2013\/01\/9b710b3cebee742ba341f3e85df7e36f-300x170.jpg 300w, http:\/\/www.rincondelbulla.cl\/portal\/wp-content\/uploads\/2013\/01\/9b710b3cebee742ba341f3e85df7e36f-696x394.jpg 696w\" sizes=\"auto, (max-width: 700px) 100vw, 700px\" \/><\/p>\n<p><strong>Definitivo: Universidad de Chile no podr\u00e1 debutar en el Torneo de Transici\u00f3n 2013 por falta de estadio.<\/strong><\/p>\n<p>  <!--more-->  <\/p>\n<p><span style=\"line-height: 1.3em;\">Malas noticias para Santiago Wanderers. El elenco de la Quinta Regi\u00f3n no \u00abrecibir\u00e1\u00bb a Universidad de Chile en el Estadio Santa Laura este s\u00e1bado a las 16:00 horas, seg\u00fan estaba previsto.<\/span><\/p>\n<p>&nbsp;<\/p>\n<p>La Intendencia de Santiago fue quien tom\u00f3 la determinaci\u00f3n tras las quejas del cuadro \u00abCaturro\u00bb de ejercer la local\u00eda en Independencia. En contacto con La Tercera, Gonzaloz D\u00edaz del R\u00edo, jefe de Seguridad de la Regi\u00f3n Metropolitana, asegur\u00f3 que el encuentro entre S. Wanderers y U. de Chile no se llevar\u00e1 a cabo.<\/p>\n<p><strong>\u00abPor el momento no se juega en la Regi\u00f3n Metropolitana. Autorizamos el partido, pero Wanderers se opuso y para evitar un conflicto decidimos no autorizar. Nosotros no podemos obligar a un club a jugar\u00bb<\/strong>, se\u00f1al\u00f3.<\/p>\n<p>Santiago Wanderers no puede ejercer la local\u00eda en el Estadio El\u00edas Figueroa por estar en remodelaci\u00f3n. La opci\u00f3n que se hab\u00eda estudiado era San Felipe, sin embargo, el alcalde de la zona se opuso al encuentro.<\/p>\n<p>&nbsp;<\/p>\n<p><strong>Fuente: La Tercera<\/strong><\/p>\n","protected":false},"excerpt":{"rendered":"<p>Definitivo: Universidad de Chile no podr\u00e1 debutar en el Torneo de Transici\u00f3n 2013 por falta de estadio.<\/p>\n","protected":false},"author":56,"featured_media":4988,"comment_status":"open","ping_status":"open","sticky":false,"template":"","format":"standard","meta":{"footnotes":""},"categories":[18],"tags":[],"class_list":{"0":"post-3379","1":"post","2":"type-post","3":"status-publish","4":"format-standard","5":"has-post-thumbnail","7":"category-actualidad"},"_links":{"self":[{"href":"http:\/\/www.rincondelbulla.cl\/portal\/wp-json\/wp\/v2\/posts\/3379","targetHints":{"allow":["GET"]}}],"collection":[{"href":"http:\/\/www.rincondelbulla.cl\/portal\/wp-json\/wp\/v2\/posts"}],"about":[{"href":"http:\/\/www.rincondelbulla.cl\/portal\/wp-json\/wp\/v2\/types\/post"}],"author":[{"embeddable":true,"href":"http:\/\/www.rincondelbulla.cl\/portal\/wp-json\/wp\/v2\/users\/56"}],"replies":[{"embeddable":true,"href":"http:\/\/www.rincondelbulla.cl\/portal\/wp-json\/wp\/v2\/comments?post=3379"}],"version-history":[{"count":0,"href":"http:\/\/www.rincondelbulla.cl\/portal\/wp-json\/wp\/v2\/posts\/3379\/revisions"}],"wp:featuredmedia":[{"embeddable":true,"href":"http:\/\/www.rincondelbulla.cl\/portal\/wp-json\/wp\/v2\/media\/4988"}],"wp:attachment":[{"href":"http:\/\/www.rincondelbulla.cl\/portal\/wp-json\/wp\/v2\/media?parent=3379"}],"wp:term":[{"taxonomy":"category","embeddable":true,"href":"http:\/\/www.rincondelbulla.cl\/portal\/wp-json\/wp\/v2\/categories?post=3379"},{"taxonomy":"post_tag","embeddable":true,"href":"http:\/\/www.rincondelbulla.cl\/portal\/wp-json\/wp\/v2\/tags?post=3379"}],"curies":[{"name":"wp","href":"https:\/\/api.w.org\/{rel}","templated":true}]}}