{"id":3380,"date":"2013-01-26T01:57:36","date_gmt":"2013-01-26T01:57:36","guid":{"rendered":"http:\/\/www.rincondelbulla.cl\/portal\/?p=3380"},"modified":"2013-01-26T01:57:36","modified_gmt":"2013-01-26T01:57:36","slug":"matias-rodriguez-con-oferta-de-italia-podria-partir","status":"publish","type":"post","link":"http:\/\/www.rincondelbulla.cl\/portal\/2013\/01\/26\/matias-rodriguez-con-oferta-de-italia-podria-partir\/","title":{"rendered":"Mat\u00edas Rodr\u00edguez con oferta de Italia. Podr\u00eda partir"},"content":{"rendered":"<p><img loading=\"lazy\" decoding=\"async\" class=\" size-full wp-image-4989\" src=\"http:\/\/www.rincondelbulla.cl\/portal\/wp-content\/uploads\/2013\/01\/949d9e436ef1467926c2dacf5f9040b2.jpg\" alt=\"\" width=\"700\" height=\"396\" srcset=\"http:\/\/www.rincondelbulla.cl\/portal\/wp-content\/uploads\/2013\/01\/949d9e436ef1467926c2dacf5f9040b2.jpg 700w, http:\/\/www.rincondelbulla.cl\/portal\/wp-content\/uploads\/2013\/01\/949d9e436ef1467926c2dacf5f9040b2-300x170.jpg 300w, http:\/\/www.rincondelbulla.cl\/portal\/wp-content\/uploads\/2013\/01\/949d9e436ef1467926c2dacf5f9040b2-696x394.jpg 696w\" sizes=\"auto, (max-width: 700px) 100vw, 700px\" \/><\/p>\n<p><strong>El volante azul &nbsp;pretendido por Sampdoria no concentr\u00f3 junto a sus compa\u00f1eros para el duelo, ya suspendido, frente Santiago Wanderers. <!--more--> <\/strong><span style=\"line-height: 1.3em;\">Seg\u00fan prensa ligada al club, el volante-lateral de Universidad de Chile es del gusto del t\u00e9cnico, Ciro Ferrara, por lo que el club italiano har\u00eda esfuerzos para llegar a acuerdo con los azules.<\/span><\/p>\n<p>Universidad de Chile podr\u00eda perder una de sus principales figuras. Al menos as\u00ed lo consideran en Italia, pues el sitio, Sampnews24, asegur\u00f3 que la Sampdoria de la Serie A del calcio est\u00e1 tras los pasos de Mat\u00edas Rodr\u00edguez.<\/p>\n<p>El medio, destac\u00f3 la versatilidad del argentino para jugar por la derecha, sea como lateral, volanteando o incluso, apareciendo como puntero.<\/p>\n<p>En la misma informaci\u00f3n, complementan que los requerimientos de la Sampdoria tienen tambi\u00e9n entre los planes a Franco Brienza del Palermo.<\/p>\n<p>El club de la localidad de G\u00e9nova marcha decimoquinto en la tabla de La Bota, y ser\u00eda el mismo DT del club, Ciro Ferrara, quien estar\u00eda gustoso de tener al argentino en su plantel.<\/p>\n<p>De arribar a Italia, una posible negociaci\u00f3n deber\u00eda concretarse antes del pr\u00f3ximo jueves, cuando se cierre el mercado de invierno en la Pen\u00ednsula It\u00e1lica.<\/p>\n<p>&nbsp;<\/p>\n<p><strong>Fuente: Red Gol<\/strong><\/p>\n","protected":false},"excerpt":{"rendered":"<p>El volante azul &nbsp;pretendido por Sampdoria no concentr\u00f3 junto a sus compa\u00f1eros para el duelo, ya suspendido, frente Santiago Wanderers.<\/p>\n","protected":false},"author":56,"featured_media":4989,"comment_status":"open","ping_status":"open","sticky":false,"template":"","format":"standard","meta":{"footnotes":""},"categories":[18],"tags":[],"class_list":{"0":"post-3380","1":"post","2":"type-post","3":"status-publish","4":"format-standard","5":"has-post-thumbnail","7":"category-actualidad"},"_links":{"self":[{"href":"http:\/\/www.rincondelbulla.cl\/portal\/wp-json\/wp\/v2\/posts\/3380","targetHints":{"allow":["GET"]}}],"collection":[{"href":"http:\/\/www.rincondelbulla.cl\/portal\/wp-json\/wp\/v2\/posts"}],"about":[{"href":"http:\/\/www.rincondelbulla.cl\/portal\/wp-json\/wp\/v2\/types\/post"}],"author":[{"embeddable":true,"href":"http:\/\/www.rincondelbulla.cl\/portal\/wp-json\/wp\/v2\/users\/56"}],"replies":[{"embeddable":true,"href":"http:\/\/www.rincondelbulla.cl\/portal\/wp-json\/wp\/v2\/comments?post=3380"}],"version-history":[{"count":0,"href":"http:\/\/www.rincondelbulla.cl\/portal\/wp-json\/wp\/v2\/posts\/3380\/revisions"}],"wp:featuredmedia":[{"embeddable":true,"href":"http:\/\/www.rincondelbulla.cl\/portal\/wp-json\/wp\/v2\/media\/4989"}],"wp:attachment":[{"href":"http:\/\/www.rincondelbulla.cl\/portal\/wp-json\/wp\/v2\/media?parent=3380"}],"wp:term":[{"taxonomy":"category","embeddable":true,"href":"http:\/\/www.rincondelbulla.cl\/portal\/wp-json\/wp\/v2\/categories?post=3380"},{"taxonomy":"post_tag","embeddable":true,"href":"http:\/\/www.rincondelbulla.cl\/portal\/wp-json\/wp\/v2\/tags?post=3380"}],"curies":[{"name":"wp","href":"https:\/\/api.w.org\/{rel}","templated":true}]}}