{"id":3381,"date":"2013-01-30T01:11:17","date_gmt":"2013-01-30T01:11:17","guid":{"rendered":"http:\/\/www.rincondelbulla.cl\/portal\/?p=3381"},"modified":"2013-01-30T01:11:17","modified_gmt":"2013-01-30T01:11:17","slug":"el-leon-se-instalo-en-semifinales-de-copa-chile","status":"publish","type":"post","link":"http:\/\/www.rincondelbulla.cl\/portal\/2013\/01\/30\/el-leon-se-instalo-en-semifinales-de-copa-chile\/","title":{"rendered":"El Le\u00f3n se instal\u00f3 en semifinales de Copa Chile"},"content":{"rendered":"<figure id=\"attachment_4990\" aria-describedby=\"caption-attachment-4990\" style=\"width: 619px\" class=\"wp-caption alignnone\"><img loading=\"lazy\" decoding=\"async\" class=\" size-full wp-image-4990\" src=\"http:\/\/www.rincondelbulla.cl\/portal\/wp-content\/uploads\/2013\/01\/2dedde23adab0fc0b3a784931dae4c50.jpg\" alt=\"Foto: UPI\" class=\"caption\" title=\"Cort\u00e9s anot\u00f3 su segundo gol en la U\" width=\"619\" height=\"464\" srcset=\"http:\/\/www.rincondelbulla.cl\/portal\/wp-content\/uploads\/2013\/01\/2dedde23adab0fc0b3a784931dae4c50.jpg 619w, http:\/\/www.rincondelbulla.cl\/portal\/wp-content\/uploads\/2013\/01\/2dedde23adab0fc0b3a784931dae4c50-300x225.jpg 300w, http:\/\/www.rincondelbulla.cl\/portal\/wp-content\/uploads\/2013\/01\/2dedde23adab0fc0b3a784931dae4c50-80x60.jpg 80w, http:\/\/www.rincondelbulla.cl\/portal\/wp-content\/uploads\/2013\/01\/2dedde23adab0fc0b3a784931dae4c50-265x198.jpg 265w, http:\/\/www.rincondelbulla.cl\/portal\/wp-content\/uploads\/2013\/01\/2dedde23adab0fc0b3a784931dae4c50-560x420.jpg 560w\" sizes=\"auto, (max-width: 619px) 100vw, 619px\" \/><figcaption id=\"caption-attachment-4990\" class=\"wp-caption-text\">Cort\u00e9s anot\u00f3 su segundo gol en la U<\/figcaption><\/figure>\n<p style=\"text-align: justify;\"><b><span style=\"font-family: 'Arial','sans-serif';\">Universidad de Chile se meti\u00f3 en semifinales de Copa Chile. El Le\u00f3n venci\u00f3 por 2-0 a Uni\u00f3n Temuco (resultado global 5-0) y avanz\u00f3 de ronda sin mayores problemas. Los azules sue\u00f1an con el premio mayor de esta Copa: la clasificaci\u00f3n a Copa Sudamericana 2013.<i><\/i><\/span><\/b><\/p>\n<p style=\"text-align: justify;\"><b><span style=\"font-family: 'Arial','sans-serif';\"> <!--more--> <\/span><\/b><\/p>\n<p style=\"text-align: justify;\"><span style=\"font-family: 'Arial','sans-serif';\">La mayor parte de la tarea ya estaba hecha. Universidad de Chile hab\u00eda goleado por 3 a 0 a Uni\u00f3n Temuco en la Regi\u00f3n de la Araucan\u00eda y ya ten\u00edan m\u00e1s de un p\u00ede en la siguiente ronda, sin embargo el partido hab\u00eda que jugarlo y as\u00ed se hizo esta tarde en Santa Laura.<\/span><\/p>\n<p style=\"text-align: justify;\"><span style=\"font-family: 'Arial','sans-serif';\">Tal como la semana pasada, los dirigidos de Franco comenzaron algo dubitativos, medios \u201cdormidos\u201d lo que favoreci\u00f3 las embestidas de los visitantes en un comienzo y de no ser por la gran actuaci\u00f3n de Herrera, nuevamente, los rojos podr\u00edan haberse llevado, a lo menos, un gol en la primera parte.<\/span><\/p>\n<p style=\"text-align: justify;\"><span style=\"font-family: 'Arial','sans-serif';\">Poco a poco los azules comenzaron a hacer su juego y fue as\u00ed como a los 22\u2019, Lorenzetti decret\u00f3 el 1 a 0 tras gran jugada colectiva.<\/span><\/p>\n<p style=\"text-align: justify;\"><span style=\"font-family: 'Arial','sans-serif';\">Pero eso no ser\u00eda todo. Tras el gol, los leones despertaron y siguieron en labores ofensivas con gran control del juego y dominio del bal\u00f3n. As\u00ed fue como siguieron elaborando jugadas colectivas que trajeron su recompensa. En el minuto 38 Cort\u00e9s cerr\u00f3 el partido y la serie anotando el 2-0 definitivo finiquitando la mejor jugada colectiva del partido.<\/span><\/p>\n<p style=\"text-align: justify;\"><span style=\"font-family: 'Arial','sans-serif';\">Ocasiones de gol no faltaron, quiz\u00e1s falt\u00f3 un poco el finiquito, porque pudieron ser m\u00e1s goles, muchos m\u00e1s. Sin embargo queda la satisfacci\u00f3n que, nuevamente, Dar\u00edo Franco muestra un juego ofensivo pero con mayor control y toque de la pelotita.<\/span><\/p>\n<p style=\"text-align: justify;\"><span style=\"font-family: 'Arial','sans-serif';\">La U est\u00e1 en semifinales de Copa Chile y ya se prepara para el primer duelo del Torneo de Transici\u00f3n 2013 (segunda fecha en estricto rigor), el viernes en Santa Laura frente a Audax Italiano. <\/span><\/p>\n","protected":false},"excerpt":{"rendered":"<p>Universidad de Chile se meti\u00f3 en semifinales de Copa Chile. El Le\u00f3n venci\u00f3 por 2-0 a Uni\u00f3n Temuco (resultado global 5-0) y avanz\u00f3 de ronda sin mayores problemas. Los azules sue\u00f1an con el premio mayor de esta Copa: la clasificaci\u00f3n a Copa Sudamericana 2013.<\/p>\n","protected":false},"author":57,"featured_media":4990,"comment_status":"open","ping_status":"open","sticky":false,"template":"","format":"standard","meta":{"footnotes":""},"categories":[18],"tags":[],"class_list":{"0":"post-3381","1":"post","2":"type-post","3":"status-publish","4":"format-standard","5":"has-post-thumbnail","7":"category-actualidad"},"_links":{"self":[{"href":"http:\/\/www.rincondelbulla.cl\/portal\/wp-json\/wp\/v2\/posts\/3381","targetHints":{"allow":["GET"]}}],"collection":[{"href":"http:\/\/www.rincondelbulla.cl\/portal\/wp-json\/wp\/v2\/posts"}],"about":[{"href":"http:\/\/www.rincondelbulla.cl\/portal\/wp-json\/wp\/v2\/types\/post"}],"author":[{"embeddable":true,"href":"http:\/\/www.rincondelbulla.cl\/portal\/wp-json\/wp\/v2\/users\/57"}],"replies":[{"embeddable":true,"href":"http:\/\/www.rincondelbulla.cl\/portal\/wp-json\/wp\/v2\/comments?post=3381"}],"version-history":[{"count":0,"href":"http:\/\/www.rincondelbulla.cl\/portal\/wp-json\/wp\/v2\/posts\/3381\/revisions"}],"wp:featuredmedia":[{"embeddable":true,"href":"http:\/\/www.rincondelbulla.cl\/portal\/wp-json\/wp\/v2\/media\/4990"}],"wp:attachment":[{"href":"http:\/\/www.rincondelbulla.cl\/portal\/wp-json\/wp\/v2\/media?parent=3381"}],"wp:term":[{"taxonomy":"category","embeddable":true,"href":"http:\/\/www.rincondelbulla.cl\/portal\/wp-json\/wp\/v2\/categories?post=3381"},{"taxonomy":"post_tag","embeddable":true,"href":"http:\/\/www.rincondelbulla.cl\/portal\/wp-json\/wp\/v2\/tags?post=3381"}],"curies":[{"name":"wp","href":"https:\/\/api.w.org\/{rel}","templated":true}]}}