{"id":3384,"date":"2013-02-11T11:56:37","date_gmt":"2013-02-11T11:56:37","guid":{"rendered":"http:\/\/www.rincondelbulla.cl\/portal\/?p=3384"},"modified":"2013-02-11T11:56:37","modified_gmt":"2013-02-11T11:56:37","slug":"el-hospial-azul-que-complica-el-debut-de-franco-y-adelanta-un-dificil-duelo-por-copa-libertadores","status":"publish","type":"post","link":"http:\/\/www.rincondelbulla.cl\/portal\/2013\/02\/11\/el-hospial-azul-que-complica-el-debut-de-franco-y-adelanta-un-dificil-duelo-por-copa-libertadores\/","title":{"rendered":"El hospial azul que complica el debut de Franco y adelanta un dif\u00edcil duelo por Copa Libertadores"},"content":{"rendered":"<figure id=\"attachment_4993\" aria-describedby=\"caption-attachment-4993\" style=\"width: 960px\" class=\"wp-caption alignnone\"><img loading=\"lazy\" decoding=\"async\" class=\" size-full wp-image-4993\" src=\"http:\/\/www.rincondelbulla.cl\/portal\/wp-content\/uploads\/2013\/02\/b58da682376f6a93f5f57b5696e340d7.jpg\" alt=\"\" class=\"caption\" title=\"Foto: Patricio Gonz\u00e1les\" width=\"960\" height=\"640\" srcset=\"http:\/\/www.rincondelbulla.cl\/portal\/wp-content\/uploads\/2013\/02\/b58da682376f6a93f5f57b5696e340d7.jpg 960w, http:\/\/www.rincondelbulla.cl\/portal\/wp-content\/uploads\/2013\/02\/b58da682376f6a93f5f57b5696e340d7-300x200.jpg 300w, http:\/\/www.rincondelbulla.cl\/portal\/wp-content\/uploads\/2013\/02\/b58da682376f6a93f5f57b5696e340d7-768x512.jpg 768w, http:\/\/www.rincondelbulla.cl\/portal\/wp-content\/uploads\/2013\/02\/b58da682376f6a93f5f57b5696e340d7-696x464.jpg 696w, http:\/\/www.rincondelbulla.cl\/portal\/wp-content\/uploads\/2013\/02\/b58da682376f6a93f5f57b5696e340d7-630x420.jpg 630w\" sizes=\"auto, (max-width: 960px) 100vw, 960px\" \/><figcaption id=\"caption-attachment-4993\" class=\"wp-caption-text\">Foto: Patricio Gonz\u00e1les<\/figcaption><\/figure>\n<p><strong>Dar\u00edo Franco no ha podido conformar un equipo titular, varios de los jugadores claves considerados por el t\u00e9cnico azul se encuentran lesionados, a esto se suma la lesi\u00f3n de Enzo Gutierrez que sufri\u00f3 el pasado fin de semana. <!--more--> <\/strong><span style=\"line-height: 1.3em;\">El inicio del proceso de Dar\u00edo Franco en la Universidad de Chile ha estado plagado de dudas y tambi\u00e9n de inconvenientes. Tras el exitoso paso por los azules del ahora DT de la Selecci\u00f3n Nacional, Jorge Sampaoli, por estos d\u00edas las dudas en cuanto al funcionamiento del equipo se han incrementado.<\/span><\/p>\n<p>La tenencia de bal\u00f3n y el ritmo m\u00e1s desacelerado en comparaci\u00f3n con el casildense son algunas de las caracter\u00edsticas principales de esta nueva Universidad de Chile, que adem\u00e1s se ha encontrado con otro tipo de inconvenientes: las lesiones.<\/p>\n<p>Y es que la \u00abU\u00bb se ha transformado pr\u00e1cticamente en un hospital por la cantidad de lesiones que han castigado a sus jugadores, lo que no le ha permitido hasta el momento poner en cancha al equipo que tiene en mente. Incluso hay algunos miembros del plantel que se perder\u00e1n buena parte del primer semestre, como es el caso de Ezequiel Videla, lesionado en su rodilla derecha y Luciano Civelli, que por una pubalgia no est\u00e1 a\u00fan disponible para el cuerpo t\u00e9cnico azul.<\/p>\n<p>A esto se suman las lesiones de jugadores que resultan claves para el esquema de Franco, como Charles Ar\u00e1nguiz y Osvaldo Gonz\u00e1lez, a lo que se suma la partida a la Sampdoria de Italia de Mat\u00edas Rodr\u00edguez, bajas que han mermado a los azules y no le han permitido mostrar el mejor nivel futbol\u00edstico. De hecho, en este 2013 a\u00fan no se ha podido ver el equipo estelar de la \u00abU\u00bb, en el que el \u00abPr\u00edncipe\u00bb y \u00abRocky\u00bb son n\u00fameros puestos.<\/p>\n<p>Todos estos son hechos que preocupan a Franco de cara al debut de la Universidad de Chile en la Copa Libertadores, este martes en condici\u00f3n de local ante Deportivo Lara, en un partido que servir\u00e1 para saber cual es la medida de este equipo que ha sido castigado por las lesiones y las partidas. Y tambi\u00e9n servir\u00e1 para ver si el esquema de Franco puede hacer olvidar los triunfos y las conquistas de Jorge Sampaoli.<\/p>\n<p>&nbsp;<\/p>\n<p><strong>Fuente: La Tercera<\/strong><\/p>\n","protected":false},"excerpt":{"rendered":"<p>Dar\u00edo Franco no ha podido conformar un equipo titular, varios de los jugadores claves considerados por el t\u00e9cnico azul se encuentran lesionados, a esto se suma la lesi\u00f3n de Enzo Gutierrez que sufri\u00f3 el pasado fin de semana.<\/p>\n","protected":false},"author":56,"featured_media":4993,"comment_status":"open","ping_status":"open","sticky":false,"template":"","format":"standard","meta":{"footnotes":""},"categories":[18],"tags":[],"class_list":{"0":"post-3384","1":"post","2":"type-post","3":"status-publish","4":"format-standard","5":"has-post-thumbnail","7":"category-actualidad"},"_links":{"self":[{"href":"http:\/\/www.rincondelbulla.cl\/portal\/wp-json\/wp\/v2\/posts\/3384","targetHints":{"allow":["GET"]}}],"collection":[{"href":"http:\/\/www.rincondelbulla.cl\/portal\/wp-json\/wp\/v2\/posts"}],"about":[{"href":"http:\/\/www.rincondelbulla.cl\/portal\/wp-json\/wp\/v2\/types\/post"}],"author":[{"embeddable":true,"href":"http:\/\/www.rincondelbulla.cl\/portal\/wp-json\/wp\/v2\/users\/56"}],"replies":[{"embeddable":true,"href":"http:\/\/www.rincondelbulla.cl\/portal\/wp-json\/wp\/v2\/comments?post=3384"}],"version-history":[{"count":0,"href":"http:\/\/www.rincondelbulla.cl\/portal\/wp-json\/wp\/v2\/posts\/3384\/revisions"}],"wp:featuredmedia":[{"embeddable":true,"href":"http:\/\/www.rincondelbulla.cl\/portal\/wp-json\/wp\/v2\/media\/4993"}],"wp:attachment":[{"href":"http:\/\/www.rincondelbulla.cl\/portal\/wp-json\/wp\/v2\/media?parent=3384"}],"wp:term":[{"taxonomy":"category","embeddable":true,"href":"http:\/\/www.rincondelbulla.cl\/portal\/wp-json\/wp\/v2\/categories?post=3384"},{"taxonomy":"post_tag","embeddable":true,"href":"http:\/\/www.rincondelbulla.cl\/portal\/wp-json\/wp\/v2\/tags?post=3384"}],"curies":[{"name":"wp","href":"https:\/\/api.w.org\/{rel}","templated":true}]}}