{"id":3386,"date":"2013-02-11T20:12:38","date_gmt":"2013-02-11T20:12:38","guid":{"rendered":"http:\/\/www.rincondelbulla.cl\/portal\/?p=3386"},"modified":"2013-02-11T20:12:38","modified_gmt":"2013-02-11T20:12:38","slug":"el-capitan-dice-entender-el-enojo-del-hincha","status":"publish","type":"post","link":"http:\/\/www.rincondelbulla.cl\/portal\/2013\/02\/11\/el-capitan-dice-entender-el-enojo-del-hincha\/","title":{"rendered":"El capit\u00e1n dice entender el enojo del hincha"},"content":{"rendered":"<p><img loading=\"lazy\" decoding=\"async\" class=\" size-full wp-image-4995\" src=\"http:\/\/www.rincondelbulla.cl\/portal\/wp-content\/uploads\/2013\/02\/bf5e0896e29b7f036f449c46c707814a.jpg\" alt=\"\" width=\"700\" height=\"396\" srcset=\"http:\/\/www.rincondelbulla.cl\/portal\/wp-content\/uploads\/2013\/02\/bf5e0896e29b7f036f449c46c707814a.jpg 700w, http:\/\/www.rincondelbulla.cl\/portal\/wp-content\/uploads\/2013\/02\/bf5e0896e29b7f036f449c46c707814a-300x170.jpg 300w, http:\/\/www.rincondelbulla.cl\/portal\/wp-content\/uploads\/2013\/02\/bf5e0896e29b7f036f449c46c707814a-696x394.jpg 696w\" sizes=\"auto, (max-width: 700px) 100vw, 700px\" \/><\/p>\n<p><strong>Pese a que Universidad de Chile a perdido tan solo un partido, muchos aficionados ya comienzan a criticar el sistema t\u00e1ctico de Dar\u00edo Franco.<\/strong><\/p>\n<p>  <!--more-->  <\/p>\n<p><span style=\"line-height: 1.3em;\">El capit\u00e1n de Universidad de Chile, Jos\u00e9 Rojas, sali\u00f3 este lunes a enfrentar los micr\u00f3fonos despu\u00e9s de la inapelable derrota por 3-0 ante Uni\u00f3n Espa\u00f1ola en el Estadio Nacional, el pasado s\u00e1bado.<\/span><\/p>\n<p>&nbsp;<\/p>\n<p>En la ocasi\u00f3n, el defensa declar\u00f3 que en la Copa Libertadores o el torneo local todos los triunfos valen: \u00abSirve ganar 1-0 y sumar tres puntos, todo tiene la misma importancia\u00bb, dijo.<\/p>\n<p>Ante las cr\u00edticas de la hinchada azul por el rendimiento exhibido ante los hispanos reconoci\u00f3 que \u00aba nadie le gusta perder, sobre todo por como se dio el partido. Estamos conscientes que no fue un partido bueno\u00bb, y que \u00abes entendible el enojo del hincha\u00bb.<\/p>\n<p>Adem\u00e1s defendi\u00f3 al nuevo cuerpo t\u00e9cnico, liderado por Dar\u00edo Franco, al se\u00f1alar que \u00abno ha podido armar el equipo que quiere\u00bb y que \u00abhay que acomodarse r\u00e1pidamente al esquema. Cada uno tiene su m\u00e9todo y hay que respetarlo. Pero nunca hay que perder que se est\u00e1 en la U y hay que entregarse por completo\u00bb.<\/p>\n<p>El pr\u00f3ximo desaf\u00edo de los universitarios ser\u00e1 ante Deportivo Lara por Copa Libertadores este martes a las 20:00 horas (23:00 GMT), Rojas adelant\u00f3 el debut: \u00abTienen delanteros muy r\u00e1pidos\u00bb y plante\u00f3 sus metas para esta edici\u00f3n: \u00abSo\u00f1amos con una final, pero debemos pensar partido a partido\u00bb, explic\u00f3.<\/p>\n<p><strong>La Selecci\u00f3n y el proceso Sampaoli<\/strong><\/p>\n<p>Tambi\u00e9n le dedic\u00f3 palabras al nuevo proceso de Jorge Sampaoli en la selecci\u00f3n, mencionando que ante Egipto pidi\u00f3 \u00abser m\u00e1s directos\u00bb y continuar \u00aben la misma t\u00f3nica en la pr\u00f3xima fecha clasificatoria\u00bb.<\/p>\n<p>Cerr\u00f3 destacando a una posible vuelta de David Pizarro a \u00abLa Roja\u00bb: \u00abEs un gran jugador y persona. Si le puede aportar al grupo, ser\u00eda importante que estuviera\u00bb, coment\u00f3.<\/p>\n<p>&nbsp;<\/p>\n<p><span id=\"_mce_caret\" data-mce-bogus=\"true\"><strong>Fuente: Cooperativa<\/strong><\/span><\/p>\n","protected":false},"excerpt":{"rendered":"<p>Pese a que Universidad de Chile a perdido tan solo un partido, muchos aficionados ya comienzan a criticar el sistema t\u00e1ctico de Dar\u00edo Franco.<\/p>\n","protected":false},"author":56,"featured_media":4995,"comment_status":"open","ping_status":"open","sticky":false,"template":"","format":"standard","meta":{"footnotes":""},"categories":[18],"tags":[],"class_list":{"0":"post-3386","1":"post","2":"type-post","3":"status-publish","4":"format-standard","5":"has-post-thumbnail","7":"category-actualidad"},"_links":{"self":[{"href":"http:\/\/www.rincondelbulla.cl\/portal\/wp-json\/wp\/v2\/posts\/3386","targetHints":{"allow":["GET"]}}],"collection":[{"href":"http:\/\/www.rincondelbulla.cl\/portal\/wp-json\/wp\/v2\/posts"}],"about":[{"href":"http:\/\/www.rincondelbulla.cl\/portal\/wp-json\/wp\/v2\/types\/post"}],"author":[{"embeddable":true,"href":"http:\/\/www.rincondelbulla.cl\/portal\/wp-json\/wp\/v2\/users\/56"}],"replies":[{"embeddable":true,"href":"http:\/\/www.rincondelbulla.cl\/portal\/wp-json\/wp\/v2\/comments?post=3386"}],"version-history":[{"count":0,"href":"http:\/\/www.rincondelbulla.cl\/portal\/wp-json\/wp\/v2\/posts\/3386\/revisions"}],"wp:featuredmedia":[{"embeddable":true,"href":"http:\/\/www.rincondelbulla.cl\/portal\/wp-json\/wp\/v2\/media\/4995"}],"wp:attachment":[{"href":"http:\/\/www.rincondelbulla.cl\/portal\/wp-json\/wp\/v2\/media?parent=3386"}],"wp:term":[{"taxonomy":"category","embeddable":true,"href":"http:\/\/www.rincondelbulla.cl\/portal\/wp-json\/wp\/v2\/categories?post=3386"},{"taxonomy":"post_tag","embeddable":true,"href":"http:\/\/www.rincondelbulla.cl\/portal\/wp-json\/wp\/v2\/tags?post=3386"}],"curies":[{"name":"wp","href":"https:\/\/api.w.org\/{rel}","templated":true}]}}